{"id":40254,"date":"2014-02-07T14:46:16","date_gmt":"2014-02-07T17:46:16","guid":{"rendered":"http:\/\/www.locoxelrojo.com.ar\/independiente\/?p=40254"},"modified":"2015-10-14T20:17:25","modified_gmt":"2015-10-14T23:17:25","slug":"concentrados-vs-brown-de-adrogue-2","status":"publish","type":"post","link":"https:\/\/www.locoxelrojo.com\/independiente\/2014\/02\/07\/concentrados-vs-brown-de-adrogue-2\/","title":{"rendered":"Concentrados vs. Brown de Adrogu\u00e9"},"content":{"rendered":"<p>Omar De Felippe dio a conocer la lista de concentrados para el choque ante Brown de Adrogu\u00e9 y <strong>se destacan las ausencias de Cristian Men\u00e9ndez, Sebasti\u00e1n Penco, Hilario Navarro y Franco Razzotti.<\/strong><\/p>\n<p>A falta de dos d\u00edas para el debut, el entrenador dej\u00f3 afuera de los concentrados a los jugadores que estuvieron cerca de irse durante todo el mercado de pases. \u00bfFinalmente lo har\u00e1n? <strong>Penco espera la oferta de Deportivo Quito de Ecuador, Men\u00e9ndez la de Rangers de Chile, mientras que Navarro y Razzotti no saben qu\u00e9 pasar\u00e1 con ellos.<\/strong><\/p>\n<p>Por otro lado, <strong>se destaca la presencia de Franco Bellocq como primer reemplazo para Mart\u00edn Zapata o Reinaldo Alderete.<\/strong><\/p>\n<p><strong><span style=\"text-decoration: underline;\">La lista<\/span><\/strong><\/p>\n<p><strong>Arqueros:\u00a0<\/strong>Diego Rodr\u00edguez y Fabi\u00e1n Assmann.<\/p>\n<p><strong>Defensores:<\/strong>\u00a0Gabriel Vall\u00e9s, Juli\u00e1n Vel\u00e1zquez, Samuel C\u00e1ceres, Lucas Villalba y Cristian Tula.<\/p>\n<p><strong>Volantes:<\/strong>\u00a0Federico Mancuello, Mart\u00edn Zapata, Reinaldo Alderete, Franco Bellocq, Leonel Miranda, Daniel Montenegro, Mat\u00edas Pisano y Federico Ins\u00faa.<\/p>\n<p><strong>Delanteros:\u00a0<\/strong>Mart\u00edn Ben\u00edtez, Facundo Parra, Francisco Pizzini y Adri\u00e1n Fern\u00e1ndez.<\/p>\n","protected":false},"excerpt":{"rendered":"<p>Omar De Felippe dio a conocer la lista de concentrados para el choque ante Brown de Adrogu\u00e9 y se destacan las ausencias de Cristian Men\u00e9ndez, Sebasti\u00e1n Penco, Hilario Navarro y Franco Razzotti. A falta de dos d\u00edas para el debut, el entrenador dej\u00f3 afuera de los concentrados a los jugadores que estuvieron cerca de irse [&hellip;]<\/p>\n","protected":false},"author":11,"featured_media":40255,"comment_status":"closed","ping_status":"closed","sticky":false,"template":"","format":"standard","meta":{"_links_to":"","_links_to_target":""},"categories":[3,1],"tags":[2330,153,2537],"_links":{"self":[{"href":"https:\/\/www.locoxelrojo.com\/independiente\/wp-json\/wp\/v2\/posts\/40254"}],"collection":[{"href":"https:\/\/www.locoxelrojo.com\/independiente\/wp-json\/wp\/v2\/posts"}],"about":[{"href":"https:\/\/www.locoxelrojo.com\/independiente\/wp-json\/wp\/v2\/types\/post"}],"author":[{"embeddable":true,"href":"https:\/\/www.locoxelrojo.com\/independiente\/wp-json\/wp\/v2\/users\/11"}],"replies":[{"embeddable":true,"href":"https:\/\/www.locoxelrojo.com\/independiente\/wp-json\/wp\/v2\/comments?post=40254"}],"version-history":[{"count":0,"href":"https:\/\/www.locoxelrojo.com\/independiente\/wp-json\/wp\/v2\/posts\/40254\/revisions"}],"wp:featuredmedia":[{"embeddable":true,"href":"https:\/\/www.locoxelrojo.com\/independiente\/wp-json\/wp\/v2\/media\/40255"}],"wp:attachment":[{"href":"https:\/\/www.locoxelrojo.com\/independiente\/wp-json\/wp\/v2\/media?parent=40254"}],"wp:term":[{"taxonomy":"category","embeddable":true,"href":"https:\/\/www.locoxelrojo.com\/independiente\/wp-json\/wp\/v2\/categories?post=40254"},{"taxonomy":"post_tag","embeddable":true,"href":"https:\/\/www.locoxelrojo.com\/independiente\/wp-json\/wp\/v2\/tags?post=40254"}],"curies":[{"name":"wp","href":"https:\/\/api.w.org\/{rel}","templated":true}]}}