{"id":4030,"date":"2011-01-16T02:08:47","date_gmt":"2011-01-16T04:08:47","guid":{"rendered":"http:\/\/www.locoxelrojo.com.ar\/independiente\/?p=4030"},"modified":"2011-01-16T02:09:37","modified_gmt":"2011-01-16T04:09:37","slug":"parte-medico-2","status":"publish","type":"post","link":"https:\/\/www.locoxelrojo.com\/independiente\/2011\/01\/16\/parte-medico-2\/","title":{"rendered":"Parte m\u00e9dico"},"content":{"rendered":"<p><a href=\"http:\/\/www.locoxelrojo.com.ar\/independiente\/wp-content\/uploads\/2011\/01\/independientemardelplata1.jpg\"><img loading=\"lazy\" class=\"alignnone size-full wp-image-4031\" title=\"independientemardelplata\" src=\"http:\/\/www.locoxelrojo.com.ar\/independiente\/wp-content\/uploads\/2011\/01\/independientemardelplata1.jpg\" alt=\"\" width=\"550\" height=\"315\" srcset=\"https:\/\/locoxelrojo.com\/independiente\/wp-content\/uploads\/2011\/01\/independientemardelplata1.jpg 550w, https:\/\/locoxelrojo.com\/independiente\/wp-content\/uploads\/2011\/01\/independientemardelplata1-300x171.jpg 300w\" sizes=\"(max-width: 550px) 100vw, 550px\" \/><\/a><\/p>\n<p>Luis Chiarad\u00eda confirm\u00f3 que Nicol\u00e1s Mart\u00ednez se perder\u00e1 el partido de ida y el de vuelta por el repechaje de la Copa Libertadores. La distensi\u00f3n\u00a0 grado uno en la  parte lateral de la rodilla izquierda le impedir\u00e1 al jugador ponerse a la par de sus compa\u00f1eros en lo f\u00edsico. Si bien no es grave, la prioridad son los jugadores que est\u00e1n al 100%.<\/p>\n<p>Hernan Fredes, en tanto, jug\u00f3 45 minutos a la ma\u00f1ana y poco menos de media hora en el partido frente a Boca. Ya est\u00e1 recuperado de la forunculisis que sufri\u00f3 durante la semana y es por eso que Mohamed busca esforzarlo en lo f\u00edsico para ponerlo a la par de sus compa\u00f1eros.<\/p>\n<p>Lo de Facundo Parra es solo una sobrecarga muscular en el muslo que le permitir\u00e1 a partir del lunes trabajar con normalidad. Ma\u00f1ana Independiente se junta por la tarde y tendr\u00e1 el d\u00eda libre para disfrutar con sus familias.<\/p>\n","protected":false},"excerpt":{"rendered":"<p>Luis Chiarad\u00eda confirm\u00f3 que Nicol\u00e1s Mart\u00ednez se perder\u00e1 el partido de ida y el de vuelta por el repechaje de la Copa Libertadores. La distensi\u00f3n\u00a0 grado uno en la parte lateral de la rodilla izquierda le impedir\u00e1 al jugador ponerse a la par de sus compa\u00f1eros en lo f\u00edsico. Si bien no es grave, la [&hellip;]<\/p>\n","protected":false},"author":1,"featured_media":0,"comment_status":"open","ping_status":"open","sticky":false,"template":"","format":"standard","meta":{"_links_to":"","_links_to_target":""},"categories":[3,1],"tags":[115,153,36,71,334,37],"_links":{"self":[{"href":"https:\/\/www.locoxelrojo.com\/independiente\/wp-json\/wp\/v2\/posts\/4030"}],"collection":[{"href":"https:\/\/www.locoxelrojo.com\/independiente\/wp-json\/wp\/v2\/posts"}],"about":[{"href":"https:\/\/www.locoxelrojo.com\/independiente\/wp-json\/wp\/v2\/types\/post"}],"author":[{"embeddable":true,"href":"https:\/\/www.locoxelrojo.com\/independiente\/wp-json\/wp\/v2\/users\/1"}],"replies":[{"embeddable":true,"href":"https:\/\/www.locoxelrojo.com\/independiente\/wp-json\/wp\/v2\/comments?post=4030"}],"version-history":[{"count":0,"href":"https:\/\/www.locoxelrojo.com\/independiente\/wp-json\/wp\/v2\/posts\/4030\/revisions"}],"wp:attachment":[{"href":"https:\/\/www.locoxelrojo.com\/independiente\/wp-json\/wp\/v2\/media?parent=4030"}],"wp:term":[{"taxonomy":"category","embeddable":true,"href":"https:\/\/www.locoxelrojo.com\/independiente\/wp-json\/wp\/v2\/categories?post=4030"},{"taxonomy":"post_tag","embeddable":true,"href":"https:\/\/www.locoxelrojo.com\/independiente\/wp-json\/wp\/v2\/tags?post=4030"}],"curies":[{"name":"wp","href":"https:\/\/api.w.org\/{rel}","templated":true}]}}