{"id":40435,"date":"2014-02-11T13:45:39","date_gmt":"2014-02-11T16:45:39","guid":{"rendered":"http:\/\/www.locoxelrojo.com.ar\/independiente\/?p=40435"},"modified":"2014-02-12T01:44:25","modified_gmt":"2014-02-12T04:44:25","slug":"trullet-recupera-soldados","status":"publish","type":"post","link":"https:\/\/www.locoxelrojo.com\/independiente\/2014\/02\/11\/trullet-recupera-soldados\/","title":{"rendered":"Trullet recupera soldados"},"content":{"rendered":"<p>Boca Unidos se entren\u00f3 con la mente puesta en lo que ser\u00e1 el choque del pr\u00f3ximo viernes ante Independiente en el Libertadores de Am\u00e9rica por la fecha 23 de la B Nacional y<strong> Carlos Trullet recupera a dos jugadores importantes.<\/strong><\/p>\n<p>El plantel del conjunto correntino comenz\u00f3 una semana corta de trabajo y Trullet sum\u00f3 dos buenas noticias: <strong>el zaguero central Mat\u00edas Mois\u00e9s form\u00f3 parte de la pr\u00e1ctica en el predio del barrio 17 de agosto y Ra\u00fal Est\u00e9vez recibi\u00f3 el alta m\u00e9dica, por lo que ambos podr\u00edan estar en Avellaneda.<\/strong><\/p>\n<p>El defensor comenz\u00f3 dos semanas m\u00e1s tarde la pretemporada por un fuerte traumatismo sufrido en la zona renal, en el \u00faltimo partido del a\u00f1o pasado ante San Mart\u00edn de San Juan. <strong>Mois\u00e9s ya va tomando ritmo futbol\u00edstico para estar cuanto antes a disposici\u00f3n del t\u00e9cnico.<\/strong><\/p>\n<p>Por otra parte, <strong>&#8220;Pipa&#8221; Est\u00e9vez se recupera de una talalgia en el pie izquierdo<\/strong>. El que no estar\u00eda disponible es Diego S\u00e1nchez Paredes ya que todav\u00eda tiene molestias en el empeine del pie derecho.<\/p>\n","protected":false},"excerpt":{"rendered":"<p>Boca Unidos se entren\u00f3 con la mente puesta en lo que ser\u00e1 el choque del pr\u00f3ximo viernes ante Independiente en el Libertadores de Am\u00e9rica por la fecha 23 de la B Nacional y Carlos Trullet recupera a dos jugadores importantes. El plantel del conjunto correntino comenz\u00f3 una semana corta de trabajo y Trullet sum\u00f3 dos [&hellip;]<\/p>\n","protected":false},"author":14,"featured_media":40436,"comment_status":"closed","ping_status":"closed","sticky":false,"template":"","format":"standard","meta":{"_links_to":"","_links_to_target":""},"categories":[1990,1],"tags":[1817,2542,2273,2545,2544],"_links":{"self":[{"href":"https:\/\/www.locoxelrojo.com\/independiente\/wp-json\/wp\/v2\/posts\/40435"}],"collection":[{"href":"https:\/\/www.locoxelrojo.com\/independiente\/wp-json\/wp\/v2\/posts"}],"about":[{"href":"https:\/\/www.locoxelrojo.com\/independiente\/wp-json\/wp\/v2\/types\/post"}],"author":[{"embeddable":true,"href":"https:\/\/www.locoxelrojo.com\/independiente\/wp-json\/wp\/v2\/users\/14"}],"replies":[{"embeddable":true,"href":"https:\/\/www.locoxelrojo.com\/independiente\/wp-json\/wp\/v2\/comments?post=40435"}],"version-history":[{"count":0,"href":"https:\/\/www.locoxelrojo.com\/independiente\/wp-json\/wp\/v2\/posts\/40435\/revisions"}],"wp:featuredmedia":[{"embeddable":true,"href":"https:\/\/www.locoxelrojo.com\/independiente\/wp-json\/wp\/v2\/media\/40436"}],"wp:attachment":[{"href":"https:\/\/www.locoxelrojo.com\/independiente\/wp-json\/wp\/v2\/media?parent=40435"}],"wp:term":[{"taxonomy":"category","embeddable":true,"href":"https:\/\/www.locoxelrojo.com\/independiente\/wp-json\/wp\/v2\/categories?post=40435"},{"taxonomy":"post_tag","embeddable":true,"href":"https:\/\/www.locoxelrojo.com\/independiente\/wp-json\/wp\/v2\/tags?post=40435"}],"curies":[{"name":"wp","href":"https:\/\/api.w.org\/{rel}","templated":true}]}}