{"id":4058,"date":"2011-01-16T23:57:09","date_gmt":"2011-01-17T02:57:09","guid":{"rendered":"http:\/\/www.locoxelrojo.com.ar\/independiente\/?p=4058"},"modified":"2015-09-09T16:20:34","modified_gmt":"2015-09-09T19:20:34","slug":"lucas-krupszky-sumo-minutos-de-juego-y-trato-de-mejorar","status":"publish","type":"post","link":"https:\/\/www.locoxelrojo.com\/independiente\/2011\/01\/16\/lucas-krupszky-sumo-minutos-de-juego-y-trato-de-mejorar\/","title":{"rendered":"Kruspzky: &#8220;Sumo minutos de juego y trato de mejorar&#8221;"},"content":{"rendered":"<p><a href=\"http:\/\/www.locoxelrojo.com.ar\/independiente\/wp-content\/uploads\/2011\/01\/krupzky2.jpg\"><img loading=\"lazy\" class=\"alignnone size-full wp-image-4062\" title=\"krupzky2\" src=\"http:\/\/www.locoxelrojo.com.ar\/independiente\/wp-content\/uploads\/2011\/01\/krupzky2.jpg\" alt=\"\" width=\"550\" height=\"315\" srcset=\"https:\/\/locoxelrojo.com\/independiente\/wp-content\/uploads\/2011\/01\/krupzky2.jpg 550w, https:\/\/locoxelrojo.com\/independiente\/wp-content\/uploads\/2011\/01\/krupzky2-300x171.jpg 300w\" sizes=\"(max-width: 550px) 100vw, 550px\" \/><\/a><\/p>\n<p>Lucas Krupszky dialog\u00f3 con Independiente de Am\u00e9rica y lament\u00f3 no poder ir al Sudamericano de Per\u00fa. Igualmente cont\u00f3 que se lo esperaba por las lesiones que ven\u00eda teniendo y est\u00e1 contento de poder compartir una nueva pretemporada con la primera divisi\u00f3n de Independiente. <strong>&#8220;Jugu\u00e9 todo el partido contra Rosario Central, necesitaba esto. Tuve un a\u00f1o de muchas lesiones y la pretemporada me est\u00e1 haciendo muy bien en lo f\u00edsico. Sumo minutos de juego y trato de mejorar&#8221;<\/strong>, cont\u00f3.<\/p>\n<p>Respecto al haber quedado afuera del Sudamericano, el defensor explic\u00f3:<strong> &#8220;no ir al Sudamericano lo tom\u00e9 mal. Igual tuve un a\u00f1o dif\u00edcil y estuve mucho tiempo parado, sin minutos de juego. Me lo esperaba. Los chicos hab\u00edan estado todo el a\u00f1o juntos. Ten\u00eda la esperanza pero no me tom\u00f3 de sorpresa. Me ven\u00eda muy bien la pretemporada con Independiente y la necesitaba para recuperar el tiempo perdido. Le estoy dando a full e hinchando por la selecci\u00f3n. Igualmente, me dijeron que me iban a tener en cuenta para el mundial&#8221;.<\/strong><\/p>\n<p>El sue\u00f1o del juvenil es tener posibilidades, igual est\u00e1 tranquilo.<strong> &#8220;Ojal\u00e1 pueda tener un buen a\u00f1o en Independiente y en la selecci\u00f3n clasifiquen al mundial, ac\u00e1 hay un grupo b\u00e1rbaro. Estoy tranquilo y esperando, siempre se habla de que Mareque se va en los \u00faltimos campeonatos. Lucas y Maxi son dos grandes jugadores que admiro, trato de aprender y mejorar mir\u00e1ndolos. Son diferentes y trato de sacar lo mejor de cada uno. Espero la chcance. Si se va Lucas le voy a pelear el puesto a Maxi, obviamente&#8221;,<\/strong> se confi\u00f3.<\/p>\n<p>Respecto a los jugadores de trayectoria de los cuales aprende, Krupszky agreg\u00f3 que se habla &#8220;<strong>m\u00e1s con Maxi que con Lucas de la posici\u00f3n, de estar bien parado. Con Lucas mucho no hablo pero le admiro la tranquilidad, la salida y la t\u00e9cnica. Su peso ofensivo tambi\u00e9n&#8221;<\/strong>. El defensor, no tiene problemas acerca de c\u00f3mo defender aunque prefiere arrancar jugando de m\u00e1s atr\u00e1s. <strong>&#8220;Hay que adaptarse a todas las formas de juego y a lo que quiera Mohamed. Me siento m\u00e1s c\u00f3modo de 3 porque tenes m\u00e1s panorama, me siento m\u00e1s c\u00f3modo arrancando de m\u00e1s atr\u00e1s&#8221;<\/strong>, cerr\u00f3.<\/p>\n","protected":false},"excerpt":{"rendered":"<p>Lucas Krupszky dialog\u00f3 con Independiente de Am\u00e9rica y lament\u00f3 no poder ir al Sudamericano de Per\u00fa. Igualmente cont\u00f3 que se lo esperaba por las lesiones que ven\u00eda teniendo y est\u00e1 contento de poder compartir una nueva pretemporada con la primera divisi\u00f3n de Independiente. &#8220;Jugu\u00e9 todo el partido contra Rosario Central, necesitaba esto. Tuve un a\u00f1o [&hellip;]<\/p>\n","protected":false},"author":1,"featured_media":0,"comment_status":"open","ping_status":"open","sticky":false,"template":"","format":"standard","meta":{"_links_to":"","_links_to_target":""},"categories":[1],"tags":[153,34],"_links":{"self":[{"href":"https:\/\/www.locoxelrojo.com\/independiente\/wp-json\/wp\/v2\/posts\/4058"}],"collection":[{"href":"https:\/\/www.locoxelrojo.com\/independiente\/wp-json\/wp\/v2\/posts"}],"about":[{"href":"https:\/\/www.locoxelrojo.com\/independiente\/wp-json\/wp\/v2\/types\/post"}],"author":[{"embeddable":true,"href":"https:\/\/www.locoxelrojo.com\/independiente\/wp-json\/wp\/v2\/users\/1"}],"replies":[{"embeddable":true,"href":"https:\/\/www.locoxelrojo.com\/independiente\/wp-json\/wp\/v2\/comments?post=4058"}],"version-history":[{"count":0,"href":"https:\/\/www.locoxelrojo.com\/independiente\/wp-json\/wp\/v2\/posts\/4058\/revisions"}],"wp:attachment":[{"href":"https:\/\/www.locoxelrojo.com\/independiente\/wp-json\/wp\/v2\/media?parent=4058"}],"wp:term":[{"taxonomy":"category","embeddable":true,"href":"https:\/\/www.locoxelrojo.com\/independiente\/wp-json\/wp\/v2\/categories?post=4058"},{"taxonomy":"post_tag","embeddable":true,"href":"https:\/\/www.locoxelrojo.com\/independiente\/wp-json\/wp\/v2\/tags?post=4058"}],"curies":[{"name":"wp","href":"https:\/\/api.w.org\/{rel}","templated":true}]}}