{"id":4059,"date":"2011-01-16T23:58:37","date_gmt":"2011-01-17T01:58:37","guid":{"rendered":"http:\/\/www.locoxelrojo.com.ar\/independiente\/?p=4059"},"modified":"2015-09-09T16:21:03","modified_gmt":"2015-09-09T19:21:03","slug":"salvador-perezme-preocupa-la-reparacion-del-gimnasio-y-el-vestuario","status":"publish","type":"post","link":"https:\/\/www.locoxelrojo.com\/independiente\/2011\/01\/16\/salvador-perezme-preocupa-la-reparacion-del-gimnasio-y-el-vestuario\/","title":{"rendered":"Salvador P\u00e9rez: &#8220;Me preocupa la reparaci\u00f3n del gimnasio y el vestuario&#8221;"},"content":{"rendered":"<p><a href=\"http:\/\/www.locoxelrojo.com.ar\/independiente\/wp-content\/uploads\/2011\/01\/gymdominico.jpg\"><img loading=\"lazy\" class=\"alignnone size-full wp-image-4064\" title=\"gymdominico\" src=\"http:\/\/www.locoxelrojo.com.ar\/independiente\/wp-content\/uploads\/2011\/01\/gymdominico.jpg\" alt=\"\" width=\"550\" height=\"315\" srcset=\"https:\/\/locoxelrojo.com\/independiente\/wp-content\/uploads\/2011\/01\/gymdominico.jpg 550w, https:\/\/locoxelrojo.com\/independiente\/wp-content\/uploads\/2011\/01\/gymdominico-300x171.jpg 300w\" sizes=\"(max-width: 550px) 100vw, 550px\" \/><\/a><\/p>\n<p>El domingo por la tarde en Buenos Aires hubo tormenta que por Villa Dominico paso con gran intensidad causando destrozos en el Gimnasio y el Vestuario que utiliza el plantel de Primera Divisi\u00f3n. Se vol\u00f3 parte del techo, se rompi\u00f3 el tanque de agua y el viento y la fuerte lluvia arruin\u00f3 gran parte del material de trabajo.<\/p>\n<p>Seg\u00fan informa el sitio <em><strong>InfiernoRojo<\/strong><\/em>, fue personal de seguridad del club, quien dio el alerta a los dirigentes.<\/p>\n<p>En el programa <strong>Independiente de Am\u00e9rica<\/strong>, Salvador \u201cPocho\u201d P\u00e9rez cont\u00f3 como se produjeron los da\u00f1os. <strong>\u201cEntr\u00f3 una r\u00e1faga de un hurac\u00e1n y arranc\u00f3 los techos del\u00a0 gimnasio y corri\u00f3 los tanques de agua. Convoqu\u00e9 a los responsables del predio y ma\u00f1ana a la ma\u00f1ana nos vamos a poner en campa\u00f1a para solucionar el tema\u201d.<\/strong><\/p>\n<p>En cuanto a los plazos en que lleva volver a dejar todo como estaba, el dirigente quien adem\u00e1s es el Presidente del predio de Villa Dominico, agreg\u00f3 que <strong>\u201cel domingo vamos a tener habilitados los vestuarios con agua. El gimnasio nos va a llevar 2 semanas. El tema del agua lo voy a solucionar ma\u00f1ana mismo con toda la gente y\u00a0 en el gimnasio hay que hacer un nuevo techo\u201d.<\/strong><\/p>\n<p>Otros dirigentes tambi\u00e9n est\u00e1n al tanto de los da\u00f1os y P\u00e9rez cont\u00f3 que todav\u00eda no pudo hablar con el Presidente Julio Comparada. La preocupaci\u00f3n es mucha ya que el viernes Independiente finaliza los trabajos de pretemporada en Mar del Plata. El d\u00eda s\u00e1bado el plantel ser\u00e1 liberado y el domingo entrenar\u00e1 en el predio y todo tendr\u00e1 ya que estar en condiciones. Por todo esto Pocho se mostr\u00f3 preocupado. <strong>\u201cLa preocupaci\u00f3n que tengo es la reparaci\u00f3n del gimnasio y dejar en condiciones el vestuario. En la pensi\u00f3n no pas\u00f3 absolutamente nada y en el resto del predio tampoco. Fue una franja que lleg\u00f3 al vestuario de Primera\u201d.<\/strong><\/p>\n<p>Aprovechando la cercan\u00eda del partido, se lo consult\u00f3 por el viaje a Ecuador que el plantel tiene que afrontar para la vuelta del partido de Repechaje frente a Deportivo Quito. La log\u00edstica que se utiliz\u00f3 con Liga en el partido por Copa Sudamericana dio resultado y se piensa implementar lo mismo en esta oportunidad. <strong>\u201cA Ecuador se viajar\u00eda el d\u00eda 30. Se volar\u00e1 el d\u00eda del partido en charter desde Guayaquil. Del aeropuerto a la cancha y de la cancha al aeropuerto para regresar a Guayaquil. Al pa\u00eds se regresar\u00e1 el d\u00eda 2 en vuelo de l\u00ednea\u201d.<\/strong><\/p>\n<p><strong>Foto: InfiernoRojo<\/strong><\/p>\n<p>&nbsp;<\/p>\n","protected":false},"excerpt":{"rendered":"<p>El domingo por la tarde en Buenos Aires hubo tormenta que por Villa Dominico paso con gran intensidad causando destrozos en el Gimnasio y el Vestuario que utiliza el plantel de Primera Divisi\u00f3n. Se vol\u00f3 parte del techo, se rompi\u00f3 el tanque de agua y el viento y la fuerte lluvia arruin\u00f3 gran parte del [&hellip;]<\/p>\n","protected":false},"author":1,"featured_media":0,"comment_status":"open","ping_status":"open","sticky":false,"template":"","format":"standard","meta":{"_links_to":"","_links_to_target":""},"categories":[3,4,1],"tags":[153,322,172],"_links":{"self":[{"href":"https:\/\/www.locoxelrojo.com\/independiente\/wp-json\/wp\/v2\/posts\/4059"}],"collection":[{"href":"https:\/\/www.locoxelrojo.com\/independiente\/wp-json\/wp\/v2\/posts"}],"about":[{"href":"https:\/\/www.locoxelrojo.com\/independiente\/wp-json\/wp\/v2\/types\/post"}],"author":[{"embeddable":true,"href":"https:\/\/www.locoxelrojo.com\/independiente\/wp-json\/wp\/v2\/users\/1"}],"replies":[{"embeddable":true,"href":"https:\/\/www.locoxelrojo.com\/independiente\/wp-json\/wp\/v2\/comments?post=4059"}],"version-history":[{"count":0,"href":"https:\/\/www.locoxelrojo.com\/independiente\/wp-json\/wp\/v2\/posts\/4059\/revisions"}],"wp:attachment":[{"href":"https:\/\/www.locoxelrojo.com\/independiente\/wp-json\/wp\/v2\/media?parent=4059"}],"wp:term":[{"taxonomy":"category","embeddable":true,"href":"https:\/\/www.locoxelrojo.com\/independiente\/wp-json\/wp\/v2\/categories?post=4059"},{"taxonomy":"post_tag","embeddable":true,"href":"https:\/\/www.locoxelrojo.com\/independiente\/wp-json\/wp\/v2\/tags?post=4059"}],"curies":[{"name":"wp","href":"https:\/\/api.w.org\/{rel}","templated":true}]}}