{"id":40758,"date":"2014-02-20T21:20:19","date_gmt":"2014-02-21T00:20:19","guid":{"rendered":"http:\/\/www.locoxelrojo.com.ar\/independiente\/?p=40758"},"modified":"2014-02-20T21:20:19","modified_gmt":"2014-02-21T00:20:19","slug":"cantero-los-socios-merecen-a-alguien-mejor-que-yo","status":"publish","type":"post","link":"https:\/\/www.locoxelrojo.com\/independiente\/2014\/02\/20\/cantero-los-socios-merecen-a-alguien-mejor-que-yo\/","title":{"rendered":"Cantero: \u201cLos socios merecen a alguien mejor que yo\u201d"},"content":{"rendered":"<p>Javier Cantero rompi\u00f3 el silencio y ahond\u00f3 en varios temas de actualidad que dejaron mucha tela para cortar. El presidente de Independiente reconoci\u00f3 las falencias de su gesti\u00f3n, avis\u00f3 que no se presentar\u00e1 como candidato en las elecciones de diciembre y pidi\u00f3 la unidad con la oposici\u00f3n. Adem\u00e1s, volvi\u00f3 a disparar contra la comisi\u00f3n directiva anterior y fue cr\u00edtico con Ricardo Bochini. Sobre el final lanz\u00f3 una frase curiosa y poco prudente, al considerar que <strong>\u201ceste a\u00f1o va a ser divertido\u201d<\/strong>.<\/p>\n<p><strong>\u201cTenemos que cumplir el objetivo, que es en junio volver a estar en la Primera Divisi\u00f3n\u201d<\/strong>, fue lo primero que remarc\u00f3 Cantero en el programa radial Con Estilo Rojo, y prosigui\u00f3:<strong> \u201cEstoy satisfecho. Desde que asumi\u00f3 De Felippe ha hecho una cantidad de puntos muy importantes. Por algo estamos ah\u00ed entre los tres ascensos, quiere decir que el equipo est\u00e1 bien\u201d<\/strong>.<\/p>\n<p>Si bien Cantero opin\u00f3 que la actualidad de Independiente es \u00f3ptima, se refiri\u00f3 al trasfondo del armado del plantel. <strong>\u201cDe los refuerzos se hablan muchas cosas. Un d\u00eda, cuando ya no sea presidente, voy a contar puntualmente cada cosa\u201d<\/strong>, avis\u00f3, y enseguida aclar\u00f3 el rol del m\u00e1ximo \u00eddolo del club: <strong>\u201cBochini es asesor. No decide, asesora a quienes deciden. Es un hombre que sabe de f\u00fatbol, un grand\u00edsimo jugador y ve muy bien el f\u00fatbol y aprendo mucho con \u00e9l\u201d<\/strong>.<\/p>\n<p>Pese a la admiraci\u00f3n que mostr\u00f3 el presidente hacia el Bocha, tambi\u00e9n fue cr\u00edtico con respecto a los consejos que brind\u00f3 como asesor para armar el plantel: <strong>\u201cAlgunos dicen que recomendaron a Pisano. No lo recomend\u00f3 nadie, lo trajimos nosotros. Bochini vino un d\u00eda y propuso traer a un 4 de Chacarita y le dije que no, que el que me gustaba de Chacarita era Pisano\u201d<\/strong>. Adem\u00e1s, record\u00f3 que el 10 <strong>\u201cdijo que Vargas no pod\u00eda jugar en Independiente cuando vino, y Vargas jug\u00f3 bien\u201d<\/strong>.<\/p>\n<p>Dejando a un costado el plano deportivo, Cantero encar\u00f3 los m\u00faltiples cuestionamientos sobre su gesti\u00f3n y remarc\u00f3 los puntos m\u00e1s altos: <strong>\u201cFui muy transparente. Se me notaron mucho los pocos aciertos y los grandes errores. Desde el punto de vista econ\u00f3mico estamos satisfechos. La gente me puede echar en cara los errores, pero jam\u00e1s que me llev\u00e9 plata del club\u201d<\/strong>. Asimismo, ratific\u00f3 que no volver\u00e1 a involucrarse en la pol\u00edtica del club: <strong>\u201cYo no voy a participar m\u00e1s. Jam\u00e1s me presentar\u00eda a una reelecci\u00f3n. Los socios se merecen a alguien mejor que yo. La marca en la frente del descenso la tengo yo, por eso estoy muerto pol\u00edticamente\u201d<\/strong>. Sin embargo, destac\u00f3 que apoyar\u00eda a algunos compa\u00f1eros: <strong>\u201cSi Independiente M\u00edstico se presenta a elecciones, voy a venir a votarlos\u201d<\/strong>.<\/p>\n<p>Pese al duro golpe que signific\u00f3 descender por primera vez a la B Nacional, al repudio generalizado y a recibir todo tipo de amenazas, el presidente confes\u00f3 que nunca pens\u00f3 en dejar su cargo: <strong>\u201cNi se me cruz\u00f3 por la cabeza. As\u00ed como desde el primer d\u00eda tuve en claro no ir por la reelecci\u00f3n, tambi\u00e9n tuve en claro que no iba a renunciar\u201d<\/strong>. Por toda la inestabilidad -especialmente en el plano econ\u00f3mico-, Cantero le dej\u00f3 un contundente mensaje a la oposici\u00f3n: <strong>\u201cNos gustar\u00eda llamar a las agrupaciones, decirles cu\u00e1les son los cheques dados que tiene Independiente. La idea es que el \u00faltimo semestre casi lo hagamos en conjunto con la oposici\u00f3n\u201d<\/strong>.<\/p>\n<p>En relaci\u00f3n al posible adelantamiento de las elecciones que plantearon las diferentes agrupaciones, Cantero fue muy cr\u00edtico con los dirigentes opositores: <strong>\u201cVamos a esperar lo que nos dicen los abogados y responderemos. \u00bfQui\u00e9n va a elegir los refuerzos? \u00bfLos que est\u00e1n denunciados? Si la justicia es muy lenta, les voy a presentar a todos los medios las pruebas que presentamos en la justicia\u201d<\/strong>. Curiosamente, se\u00f1al\u00f3 que<strong> \u201ceste a\u00f1o va a ser divertido\u201d<\/strong> y defendi\u00f3 a algunos dirigentes que renunciaron tras el fracaso futbol\u00edstico:<strong> \u201cEn Independiente se critic\u00f3 muy injustamente a Armando Fell\u00edn y a Mario Fuentes\u201d<\/strong>.<\/p>\n<p>Por otro lado, el titular de Independiente habl\u00f3 sobre las obras en el Estadio Libertadores de Am\u00e9rica: <strong>\u201cNunca dijimos en la campa\u00f1a electoral que \u00edbamos a terminar el estadio\u201d<\/strong>, resalt\u00f3 en primera instancia, y luego a\u00f1adi\u00f3: <strong>\u201cContra Hurac\u00e1n, vamos a tener parcialmente habilitada la tribuna Bochini Alta Sur\u201d<\/strong>. Asimismo, reconoci\u00f3 que podr\u00edan volver los bonos para ingresar a las Cabeceras si es que el equipo se acerca al ascenso a Primera: <strong>\u201cEn caso de que veamos que haya un m\u00ednimo de riesgo, vamos a tener que hacerlo\u201d<\/strong>.<\/p>\n","protected":false},"excerpt":{"rendered":"<p>Javier Cantero rompi\u00f3 el silencio y ahond\u00f3 en varios temas de actualidad que dejaron mucha tela para cortar. El presidente de Independiente reconoci\u00f3 las falencias de su gesti\u00f3n, avis\u00f3 que no se presentar\u00e1 como candidato en las elecciones de diciembre y pidi\u00f3 la unidad con la oposici\u00f3n. Adem\u00e1s, volvi\u00f3 a disparar contra la comisi\u00f3n directiva [&hellip;]<\/p>\n","protected":false},"author":8,"featured_media":40760,"comment_status":"closed","ping_status":"closed","sticky":false,"template":"","format":"standard","meta":{"_links_to":"","_links_to_target":""},"categories":[4,1],"tags":[153,723,33,251,475],"_links":{"self":[{"href":"https:\/\/www.locoxelrojo.com\/independiente\/wp-json\/wp\/v2\/posts\/40758"}],"collection":[{"href":"https:\/\/www.locoxelrojo.com\/independiente\/wp-json\/wp\/v2\/posts"}],"about":[{"href":"https:\/\/www.locoxelrojo.com\/independiente\/wp-json\/wp\/v2\/types\/post"}],"author":[{"embeddable":true,"href":"https:\/\/www.locoxelrojo.com\/independiente\/wp-json\/wp\/v2\/users\/8"}],"replies":[{"embeddable":true,"href":"https:\/\/www.locoxelrojo.com\/independiente\/wp-json\/wp\/v2\/comments?post=40758"}],"version-history":[{"count":0,"href":"https:\/\/www.locoxelrojo.com\/independiente\/wp-json\/wp\/v2\/posts\/40758\/revisions"}],"wp:featuredmedia":[{"embeddable":true,"href":"https:\/\/www.locoxelrojo.com\/independiente\/wp-json\/wp\/v2\/media\/40760"}],"wp:attachment":[{"href":"https:\/\/www.locoxelrojo.com\/independiente\/wp-json\/wp\/v2\/media?parent=40758"}],"wp:term":[{"taxonomy":"category","embeddable":true,"href":"https:\/\/www.locoxelrojo.com\/independiente\/wp-json\/wp\/v2\/categories?post=40758"},{"taxonomy":"post_tag","embeddable":true,"href":"https:\/\/www.locoxelrojo.com\/independiente\/wp-json\/wp\/v2\/tags?post=40758"}],"curies":[{"name":"wp","href":"https:\/\/api.w.org\/{rel}","templated":true}]}}