{"id":4076,"date":"2011-01-17T18:45:49","date_gmt":"2011-01-17T20:45:49","guid":{"rendered":"http:\/\/www.locoxelrojo.com.ar\/independiente\/?p=4076"},"modified":"2015-09-09T16:21:26","modified_gmt":"2015-09-09T19:21:26","slug":"nico-martinez-la-libertadores-tiene-otro-sabor","status":"publish","type":"post","link":"https:\/\/www.locoxelrojo.com\/independiente\/2011\/01\/17\/nico-martinez-la-libertadores-tiene-otro-sabor\/","title":{"rendered":"N. Mart\u00ednez: &#8220;La Libertadores tiene otro sabor&#8221;"},"content":{"rendered":"<p><a href=\"http:\/\/www.locoxelrojo.com.ar\/independiente\/wp-content\/uploads\/2011\/01\/martinezgodoyindependiente.jpg\"><img loading=\"lazy\" class=\"alignnone size-full wp-image-4077\" title=\"martinezgodoyindependiente\" src=\"http:\/\/www.locoxelrojo.com.ar\/independiente\/wp-content\/uploads\/2011\/01\/martinezgodoyindependiente.jpg\" alt=\"\" width=\"550\" height=\"315\" srcset=\"https:\/\/locoxelrojo.com\/independiente\/wp-content\/uploads\/2011\/01\/martinezgodoyindependiente.jpg 550w, https:\/\/locoxelrojo.com\/independiente\/wp-content\/uploads\/2011\/01\/martinezgodoyindependiente-300x171.jpg 300w\" sizes=\"(max-width: 550px) 100vw, 550px\" \/><\/a><\/p>\n<p>Nicolas Mart\u00ednez dialog\u00f3 con <em>Tiempo Extra <\/em>por TyC Sports y cont\u00f3 que su lesi\u00f3n tiene entre 10 y 15 d\u00edas de recuperaci\u00f3n porque solo se trata de una esguince de rodilla.<strong> &#8220;Arranque la pretemporada, fue bastante duro pero me esguince la rodilla, por suerte no fue grave, es fundamental la seguridad en la rodilla para no volver a caer&#8221;<\/strong>, advirti\u00f3.<\/p>\n<p>Para el volante ofensivo, &#8220;la idea es no relajarnos, hay que trabajar. Los primeros d\u00edas fue fuerte con la arena pero la cercan\u00eda al partido hace que se le meta carga f\u00edsica al trabajo con pelota&#8221;. Independiente trajo a Mat\u00edas Defederico como refuerzo, Mart\u00ednez entiende sobre esto que <strong>&#8220;entre De Federico, Rodr\u00edguez y Graci\u00e1n somos competencia directa. Mati puede jugar de media punta y yo tambi\u00e9n o de enganche los dos. Eso depende de mohamed pero la competencia es sana; el que este mejor va a jugar&#8221;<\/strong>, asegur\u00f3.<\/p>\n<p>Al jugador no le gust\u00f3 perder los amistosos de verano ni vi\u00e9ndolos desde afuera. Sin embargo, y a pesar de que<strong> &#8220;la idea siempre es ganar, apuntamos al 25. Estos partidos vienen bien para agarrar funcionamiento y tener la misma idea de juego que el semestre pasado. No quer\u00edamos perder pero estamos apuntando a Deportivo Quito&#8221;.<\/strong><\/p>\n<p>Para cerrar, el hermano de Juan Manuel Mart\u00ednez le puso un condimento extra a la Copa Libertadores en la previa del repechaje<strong>. &#8220;La gente sabe que la Libertadores tiene otro sabor y lo mismo nos sucede a nosotros. Vamos a hacer lo posible para poder cumplirlo&#8221;<\/strong>, concluy\u00f3.<\/p>\n<p>Te invitamos a ver el video capturado por los amigos de<a href=\"http:\/\/www.fantasmarojo.com.ar\"> Fantasma Rojo<\/a><\/p>\n<p><object width=\"526\" height=\"318\" classid=\"clsid:d27cdb6e-ae6d-11cf-96b8-444553540000\" codebase=\"http:\/\/download.macromedia.com\/pub\/shockwave\/cabs\/flash\/swflash.cab#version=6,0,40,0\"><param name=\"allowFullScreen\" value=\"true\" \/><param name=\"allowscriptaccess\" value=\"always\" \/><param name=\"src\" value=\"http:\/\/www.youtube.com\/v\/l9Gli7qwUyk?fs=1&amp;hl=es_ES\" \/><param name=\"allowfullscreen\" value=\"true\" \/><embed type=\"application\/x-shockwave-flash\" width=\"526\" height=\"318\" src=\"http:\/\/www.youtube.com\/v\/l9Gli7qwUyk?fs=1&amp;hl=es_ES\" allowscriptaccess=\"always\" allowfullscreen=\"true\"><\/embed><\/object><\/p>\n","protected":false},"excerpt":{"rendered":"<p>Nicolas Mart\u00ednez dialog\u00f3 con Tiempo Extra por TyC Sports y cont\u00f3 que su lesi\u00f3n tiene entre 10 y 15 d\u00edas de recuperaci\u00f3n porque solo se trata de una esguince de rodilla. &#8220;Arranque la pretemporada, fue bastante duro pero me esguince la rodilla, por suerte no fue grave, es fundamental la seguridad en la rodilla para [&hellip;]<\/p>\n","protected":false},"author":1,"featured_media":0,"comment_status":"open","ping_status":"open","sticky":false,"template":"","format":"standard","meta":{"_links_to":"","_links_to_target":""},"categories":[3,1],"tags":[153,470,37,471],"_links":{"self":[{"href":"https:\/\/www.locoxelrojo.com\/independiente\/wp-json\/wp\/v2\/posts\/4076"}],"collection":[{"href":"https:\/\/www.locoxelrojo.com\/independiente\/wp-json\/wp\/v2\/posts"}],"about":[{"href":"https:\/\/www.locoxelrojo.com\/independiente\/wp-json\/wp\/v2\/types\/post"}],"author":[{"embeddable":true,"href":"https:\/\/www.locoxelrojo.com\/independiente\/wp-json\/wp\/v2\/users\/1"}],"replies":[{"embeddable":true,"href":"https:\/\/www.locoxelrojo.com\/independiente\/wp-json\/wp\/v2\/comments?post=4076"}],"version-history":[{"count":0,"href":"https:\/\/www.locoxelrojo.com\/independiente\/wp-json\/wp\/v2\/posts\/4076\/revisions"}],"wp:attachment":[{"href":"https:\/\/www.locoxelrojo.com\/independiente\/wp-json\/wp\/v2\/media?parent=4076"}],"wp:term":[{"taxonomy":"category","embeddable":true,"href":"https:\/\/www.locoxelrojo.com\/independiente\/wp-json\/wp\/v2\/categories?post=4076"},{"taxonomy":"post_tag","embeddable":true,"href":"https:\/\/www.locoxelrojo.com\/independiente\/wp-json\/wp\/v2\/tags?post=4076"}],"curies":[{"name":"wp","href":"https:\/\/api.w.org\/{rel}","templated":true}]}}