{"id":4081,"date":"2011-01-18T00:57:23","date_gmt":"2011-01-18T02:57:23","guid":{"rendered":"http:\/\/www.locoxelrojo.com.ar\/independiente\/?p=4081"},"modified":"2015-09-09T16:21:51","modified_gmt":"2015-09-09T19:21:51","slug":"assman-el-mercado-esta-muy-corto","status":"publish","type":"post","link":"https:\/\/www.locoxelrojo.com\/independiente\/2011\/01\/18\/assman-el-mercado-esta-muy-corto\/","title":{"rendered":"Assmann: &#8220;El mercado est\u00e1 muy corto&#8221;"},"content":{"rendered":"<p><a href=\"http:\/\/www.locoxelrojo.com.ar\/independiente\/wp-content\/uploads\/2011\/01\/assman_independiente.jpg\"><img loading=\"lazy\" class=\"alignnone size-full wp-image-4082\" title=\"assman_independiente\" src=\"http:\/\/www.locoxelrojo.com.ar\/independiente\/wp-content\/uploads\/2011\/01\/assman_independiente.jpg\" alt=\"\" width=\"550\" height=\"315\" srcset=\"https:\/\/locoxelrojo.com\/independiente\/wp-content\/uploads\/2011\/01\/assman_independiente.jpg 550w, https:\/\/locoxelrojo.com\/independiente\/wp-content\/uploads\/2011\/01\/assman_independiente-300x171.jpg 300w\" sizes=\"(max-width: 550px) 100vw, 550px\" \/><\/a><\/p>\n<p>Fabian Assmann dialog\u00f3 con Renato Della Paollera por radio <em>La Red<\/em> y admiti\u00f3 que hubo sondeos pero reconoci\u00f3 que los est\u00e1 evaluando porque busca el beneficio personal y del club. <strong>&#8220;Por el momento voy a esperar porque falta poco para que arranque la copa. Estamos viendo algunas ofertas con mi representante, y cual es la mejor opci\u00f3n. No tengo apuro, si quedo libre tengo que firmar un contrato. Estoy tranquilo, me tendr\u00e9 que juntar con Julio y evaluar lo mejor para todos&#8221;<\/strong>, asegur\u00f3.<\/p>\n<p>El arquero, a pesar de no haber tenido oportunidades el semestre pasado, est\u00e1 c\u00f3mo en el club y no tiene apuros. <strong>&#8220;Tratar\u00e9 de analizar lo mejor con mi representante. Voy a esperar la copa para ver c\u00f3mo arrancamos. Si Dios quiere y nos ayuda podemos pasar el partido con Deportivo Quito. Al jugar otro torneo importante tenemos m\u00e1s posibilidades. No me quiero apresurar y quiero ver qu\u00e9 es lo mejor. Cuando volvamos de la pretemporada nos vamos\u00a0 a juntar con Julio, ya est\u00e1 hablado&#8221;<\/strong>, cont\u00f3.<\/p>\n<p>La renovaci\u00f3n es necesaria para que el jugador no quede libre en junio y, en caso de venderlo, el club reciba dinero. Igualmente, todo parece bastante fr\u00edo. <strong>&#8220;Sorprende que no lleguen ofertas, el mercado est\u00e1 muy corto. No se ha cerrado nada porque creo que en el caso de los 3 arqueros debe beneficiar al club y a nosotros mismos. Vamos a buscar lo mejor para cada uno y para la instituci\u00f3n, ojal\u00e1 nos vayamos todos contentos&#8221;<\/strong>, cerr\u00f3.<\/p>\n","protected":false},"excerpt":{"rendered":"<p>Fabian Assmann dialog\u00f3 con Renato Della Paollera por radio La Red y admiti\u00f3 que hubo sondeos pero reconoci\u00f3 que los est\u00e1 evaluando porque busca el beneficio personal y del club. &#8220;Por el momento voy a esperar porque falta poco para que arranque la copa. Estamos viendo algunas ofertas con mi representante, y cual es la [&hellip;]<\/p>\n","protected":false},"author":1,"featured_media":0,"comment_status":"open","ping_status":"open","sticky":false,"template":"","format":"standard","meta":{"_links_to":"","_links_to_target":""},"categories":[3,1],"tags":[153,78],"_links":{"self":[{"href":"https:\/\/www.locoxelrojo.com\/independiente\/wp-json\/wp\/v2\/posts\/4081"}],"collection":[{"href":"https:\/\/www.locoxelrojo.com\/independiente\/wp-json\/wp\/v2\/posts"}],"about":[{"href":"https:\/\/www.locoxelrojo.com\/independiente\/wp-json\/wp\/v2\/types\/post"}],"author":[{"embeddable":true,"href":"https:\/\/www.locoxelrojo.com\/independiente\/wp-json\/wp\/v2\/users\/1"}],"replies":[{"embeddable":true,"href":"https:\/\/www.locoxelrojo.com\/independiente\/wp-json\/wp\/v2\/comments?post=4081"}],"version-history":[{"count":0,"href":"https:\/\/www.locoxelrojo.com\/independiente\/wp-json\/wp\/v2\/posts\/4081\/revisions"}],"wp:attachment":[{"href":"https:\/\/www.locoxelrojo.com\/independiente\/wp-json\/wp\/v2\/media?parent=4081"}],"wp:term":[{"taxonomy":"category","embeddable":true,"href":"https:\/\/www.locoxelrojo.com\/independiente\/wp-json\/wp\/v2\/categories?post=4081"},{"taxonomy":"post_tag","embeddable":true,"href":"https:\/\/www.locoxelrojo.com\/independiente\/wp-json\/wp\/v2\/tags?post=4081"}],"curies":[{"name":"wp","href":"https:\/\/api.w.org\/{rel}","templated":true}]}}