{"id":4084,"date":"2011-01-18T12:56:53","date_gmt":"2011-01-18T14:56:53","guid":{"rendered":"http:\/\/www.locoxelrojo.com.ar\/independiente\/?p=4084"},"modified":"2011-01-18T12:58:07","modified_gmt":"2011-01-18T14:58:07","slug":"problemas-en-el-11-titular","status":"publish","type":"post","link":"https:\/\/www.locoxelrojo.com\/independiente\/2011\/01\/18\/problemas-en-el-11-titular\/","title":{"rendered":"Problemas en el 11 titular"},"content":{"rendered":"<p><a href=\"http:\/\/www.locoxelrojo.com.ar\/independiente\/wp-content\/uploads\/2011\/01\/independiente_villamarista.jpg\"><img loading=\"lazy\" class=\"alignnone size-full wp-image-4086\" title=\"independiente_villamarista\" src=\"http:\/\/www.locoxelrojo.com.ar\/independiente\/wp-content\/uploads\/2011\/01\/independiente_villamarista.jpg\" alt=\"\" width=\"550\" height=\"315\" srcset=\"https:\/\/locoxelrojo.com\/independiente\/wp-content\/uploads\/2011\/01\/independiente_villamarista.jpg 550w, https:\/\/locoxelrojo.com\/independiente\/wp-content\/uploads\/2011\/01\/independiente_villamarista-300x171.jpg 300w\" sizes=\"(max-width: 550px) 100vw, 550px\" \/><\/a><\/p>\n<p>Independiente hizo f\u00fatbol por la ma\u00f1ana en Villa Marista y F<strong>acundo Parra volvi\u00f3 a quedar out por su lesi\u00f3n abdominal.<\/strong> Su lugar fue ocupado por Mat\u00edas Defederico y Mohamed retaz\u00f3 como enlace a Patricio Rodr\u00edguez. Los 11 fueron <strong>Hilario Navarro; Carlos Matheu, Eduardo Tuzzio, Juli\u00e1n Vel\u00e1zquez; Nicol\u00e1s Cabrera, Roberto Batti\u00f3n, Lucas Mareque, Maximiliano Vel\u00e1zquez; Patricio Rodr\u00edguez, Mat\u00edas Defederico y Andr\u00e9s Silvera.<br \/>\n<\/strong><br \/>\nLa otra novedad importante es que <strong>Lucas Mareque ocup\u00f3 el lugar de Hernan Fredes, lesionado en su pie <\/strong>-aquel que tuvo que infiltrarse en la final de la Copa Sudamericana-. Si bien Mohamed podr\u00eda hacer uso de \u00e9l, recordemos que el Turco no ve con malos ojos a Iv\u00e1n P\u00e9rez quien est\u00e1 dispuesto a pelearle el puesto.<\/p>\n<p>Para los suplentes hicieron lo propio <strong>Adri\u00e1n Gabbarini; Iv\u00e1n V\u00e9lez, Javier B\u00e1ez, Ignacio Barcia, Lucas Kruspzky; Fernando Godoy, Cristian Pellerano; Leandro Graci\u00e1n, Iv\u00e1n P\u00e9rez; Brian Nieva y Mart\u00edn G\u00f3mez. Con goles de Pato Rodr\u00edguez y Silvera, los titulares se impusieron 2-0 a los suplentes en 40 minutos de f\u00fatbol.<\/strong><\/p>\n","protected":false},"excerpt":{"rendered":"<p>Independiente hizo f\u00fatbol por la ma\u00f1ana en Villa Marista y Facundo Parra volvi\u00f3 a quedar out por su lesi\u00f3n abdominal. Su lugar fue ocupado por Mat\u00edas Defederico y Mohamed retaz\u00f3 como enlace a Patricio Rodr\u00edguez. Los 11 fueron Hilario Navarro; Carlos Matheu, Eduardo Tuzzio, Juli\u00e1n Vel\u00e1zquez; Nicol\u00e1s Cabrera, Roberto Batti\u00f3n, Lucas Mareque, Maximiliano Vel\u00e1zquez; Patricio [&hellip;]<\/p>\n","protected":false},"author":1,"featured_media":0,"comment_status":"open","ping_status":"open","sticky":false,"template":"","format":"standard","meta":{"_links_to":"","_links_to_target":""},"categories":[3,1],"tags":[153,36,71,41,472],"_links":{"self":[{"href":"https:\/\/www.locoxelrojo.com\/independiente\/wp-json\/wp\/v2\/posts\/4084"}],"collection":[{"href":"https:\/\/www.locoxelrojo.com\/independiente\/wp-json\/wp\/v2\/posts"}],"about":[{"href":"https:\/\/www.locoxelrojo.com\/independiente\/wp-json\/wp\/v2\/types\/post"}],"author":[{"embeddable":true,"href":"https:\/\/www.locoxelrojo.com\/independiente\/wp-json\/wp\/v2\/users\/1"}],"replies":[{"embeddable":true,"href":"https:\/\/www.locoxelrojo.com\/independiente\/wp-json\/wp\/v2\/comments?post=4084"}],"version-history":[{"count":0,"href":"https:\/\/www.locoxelrojo.com\/independiente\/wp-json\/wp\/v2\/posts\/4084\/revisions"}],"wp:attachment":[{"href":"https:\/\/www.locoxelrojo.com\/independiente\/wp-json\/wp\/v2\/media?parent=4084"}],"wp:term":[{"taxonomy":"category","embeddable":true,"href":"https:\/\/www.locoxelrojo.com\/independiente\/wp-json\/wp\/v2\/categories?post=4084"},{"taxonomy":"post_tag","embeddable":true,"href":"https:\/\/www.locoxelrojo.com\/independiente\/wp-json\/wp\/v2\/tags?post=4084"}],"curies":[{"name":"wp","href":"https:\/\/api.w.org\/{rel}","templated":true}]}}