{"id":40895,"date":"2014-02-24T14:33:20","date_gmt":"2014-02-24T17:33:20","guid":{"rendered":"http:\/\/www.locoxelrojo.com.ar\/independiente\/?p=40895"},"modified":"2014-02-26T09:00:24","modified_gmt":"2014-02-26T12:00:24","slug":"once-confirmado","status":"publish","type":"post","link":"https:\/\/www.locoxelrojo.com\/independiente\/2014\/02\/24\/once-confirmado\/","title":{"rendered":"Once confirmado"},"content":{"rendered":"<p>Independiente practic\u00f3 este lunes en el predio de Villa Dom\u00ednico. <strong>Omar De Felippe par\u00f3 el equipo que va a enfrentar a Atl\u00e9tico Tucum\u00e1n el mi\u00e9rcoles con una sola variante: Adri\u00e1n Fern\u00e1ndez por Facundo Parra. <\/strong><\/p>\n<p>El plantel del Rojo realiz\u00f3 esta ma\u00f1ana el ensayo formal de f\u00fatbol, donde el entrenador aprovech\u00f3 para probar el once inicial que jugar\u00e1 ante el Decano el mi\u00e9rcoles desde las 20:10 en el Libertadores de Am\u00e9rica. <strong>Con la baja confirmada de Parra, De Felippe le renov\u00f3 la confianza al paraguayo Fern\u00e1ndez, quien se despach\u00f3 con dos goles en la pr\u00e1ctica contra los suplentes.<\/strong><\/p>\n<p>Adem\u00e1s de los dos tantos de Fern\u00e1ndez, tambi\u00e9n marcaron Mart\u00edn Zapata y Federico Ins\u00faa. Para los suplentes, descontaron Mart\u00edn Ben\u00edtez y Francisco Pizzini. Los once que par\u00f3 Don Omar: <strong>Diego Rodr\u00edguez; Gabriel Vall\u00e9s, Cristian Tula, Claudio Morel Rodr\u00edguez, Federico Mancuello; Mart\u00edn Zapata, Reinaldo Alderete; Mat\u00edas Pisano, Daniel Montenegro, Federico Ins\u00faa; Adri\u00e1n Fern\u00e1ndez.<\/strong><\/p>\n<p>Luego de la pr\u00e1ctica, el DT confirm\u00f3 la lista de 19 jugadores concentrados, donde <strong>se destacan el regreso de Leonel Miranda y Sebasti\u00e1n Penco, y la salida de Hern\u00e1n Fredes, quien hab\u00eda vuelto a jugar frente a Aldosivi despu\u00e9s de ocho meses.<\/strong><\/p>\n","protected":false},"excerpt":{"rendered":"<p>Independiente practic\u00f3 este lunes en el predio de Villa Dom\u00ednico. Omar De Felippe par\u00f3 el equipo que va a enfrentar a Atl\u00e9tico Tucum\u00e1n el mi\u00e9rcoles con una sola variante: Adri\u00e1n Fern\u00e1ndez por Facundo Parra. El plantel del Rojo realiz\u00f3 esta ma\u00f1ana el ensayo formal de f\u00fatbol, donde el entrenador aprovech\u00f3 para probar el once inicial [&hellip;]<\/p>\n","protected":false},"author":1,"featured_media":40896,"comment_status":"closed","ping_status":"closed","sticky":false,"template":"","format":"standard","meta":{"_links_to":"","_links_to_target":""},"categories":[3,1],"tags":[1489,26,701,2213,172],"_links":{"self":[{"href":"https:\/\/www.locoxelrojo.com\/independiente\/wp-json\/wp\/v2\/posts\/40895"}],"collection":[{"href":"https:\/\/www.locoxelrojo.com\/independiente\/wp-json\/wp\/v2\/posts"}],"about":[{"href":"https:\/\/www.locoxelrojo.com\/independiente\/wp-json\/wp\/v2\/types\/post"}],"author":[{"embeddable":true,"href":"https:\/\/www.locoxelrojo.com\/independiente\/wp-json\/wp\/v2\/users\/1"}],"replies":[{"embeddable":true,"href":"https:\/\/www.locoxelrojo.com\/independiente\/wp-json\/wp\/v2\/comments?post=40895"}],"version-history":[{"count":0,"href":"https:\/\/www.locoxelrojo.com\/independiente\/wp-json\/wp\/v2\/posts\/40895\/revisions"}],"wp:featuredmedia":[{"embeddable":true,"href":"https:\/\/www.locoxelrojo.com\/independiente\/wp-json\/wp\/v2\/media\/40896"}],"wp:attachment":[{"href":"https:\/\/www.locoxelrojo.com\/independiente\/wp-json\/wp\/v2\/media?parent=40895"}],"wp:term":[{"taxonomy":"category","embeddable":true,"href":"https:\/\/www.locoxelrojo.com\/independiente\/wp-json\/wp\/v2\/categories?post=40895"},{"taxonomy":"post_tag","embeddable":true,"href":"https:\/\/www.locoxelrojo.com\/independiente\/wp-json\/wp\/v2\/tags?post=40895"}],"curies":[{"name":"wp","href":"https:\/\/api.w.org\/{rel}","templated":true}]}}