{"id":4094,"date":"2011-01-18T20:46:57","date_gmt":"2011-01-18T22:46:57","guid":{"rendered":"http:\/\/www.locoxelrojo.com.ar\/independiente\/?p=4094"},"modified":"2011-01-18T19:49:42","modified_gmt":"2011-01-18T22:49:42","slug":"se-termina-la-pretemporada","status":"publish","type":"post","link":"https:\/\/www.locoxelrojo.com\/independiente\/2011\/01\/18\/se-termina-la-pretemporada\/","title":{"rendered":"Se termina la pretemporada"},"content":{"rendered":"<p><a href=\"http:\/\/www.locoxelrojo.com.ar\/independiente\/wp-content\/uploads\/2011\/01\/villamarista_independiente.jpg\"><img loading=\"lazy\" class=\"alignnone size-full wp-image-4095\" title=\"villamarista_independiente\" src=\"http:\/\/www.locoxelrojo.com.ar\/independiente\/wp-content\/uploads\/2011\/01\/villamarista_independiente.jpg\" alt=\"\" width=\"550\" height=\"315\" srcset=\"https:\/\/locoxelrojo.com\/independiente\/wp-content\/uploads\/2011\/01\/villamarista_independiente.jpg 550w, https:\/\/locoxelrojo.com\/independiente\/wp-content\/uploads\/2011\/01\/villamarista_independiente-300x171.jpg 300w\" sizes=\"(max-width: 550px) 100vw, 550px\" \/><\/a><\/p>\n<p>Luego del doble turno pautado por Mohamed en el d\u00eda de la fecha, Independiente disputar\u00e1 dos partidos amistosos frente a los titulares y los suplentes de Aldosivi en el predio Cadetes de Mar del Plata en el d\u00eda de ma\u00f1ana.<\/p>\n<p>El jueves habr\u00e1 un solo entrenamiento por la tarde en Villa Marista y el plantel tendr\u00e1 la ma\u00f1ana libre para descansar. El viernes, suceder\u00e1 lo mismo por la ma\u00f1ana puesto a que luego del almuerzo el plantel se despedir\u00e1 de Mar del Plata para retornar hacia Buenos Aires.<strong> <\/strong><\/p>\n<p>El s\u00e1bado el plantel tendr\u00e1 el d\u00eda libre y el domingo el plantel deber\u00e1 entrenar en Villa Dom\u00ednico para luego concentrar durante 48 horas pensando en el partido del martes frente a Deportivo Quito<strong>.<\/strong><\/p>\n<p>El partido vs. Tigre qued\u00f3 confirmado para el 6 de febrero, luego del encuentro de vuelta en los 2800 metros de altura ecuatoriana. Independiente no podr\u00e1 utilizar los refuerzos para enfrentar a la instituci\u00f3n de Victoria.<\/p>\n<p><strong><br \/>\n<\/strong><\/p>\n","protected":false},"excerpt":{"rendered":"<p>Luego del doble turno pautado por Mohamed en el d\u00eda de la fecha, Independiente disputar\u00e1 dos partidos amistosos frente a los titulares y los suplentes de Aldosivi en el predio Cadetes de Mar del Plata en el d\u00eda de ma\u00f1ana. El jueves habr\u00e1 un solo entrenamiento por la tarde en Villa Marista y el plantel [&hellip;]<\/p>\n","protected":false},"author":1,"featured_media":0,"comment_status":"open","ping_status":"open","sticky":false,"template":"","format":"standard","meta":{"_links_to":"","_links_to_target":""},"categories":[3,1],"tags":[516,153,285,470,172,472],"_links":{"self":[{"href":"https:\/\/www.locoxelrojo.com\/independiente\/wp-json\/wp\/v2\/posts\/4094"}],"collection":[{"href":"https:\/\/www.locoxelrojo.com\/independiente\/wp-json\/wp\/v2\/posts"}],"about":[{"href":"https:\/\/www.locoxelrojo.com\/independiente\/wp-json\/wp\/v2\/types\/post"}],"author":[{"embeddable":true,"href":"https:\/\/www.locoxelrojo.com\/independiente\/wp-json\/wp\/v2\/users\/1"}],"replies":[{"embeddable":true,"href":"https:\/\/www.locoxelrojo.com\/independiente\/wp-json\/wp\/v2\/comments?post=4094"}],"version-history":[{"count":0,"href":"https:\/\/www.locoxelrojo.com\/independiente\/wp-json\/wp\/v2\/posts\/4094\/revisions"}],"wp:attachment":[{"href":"https:\/\/www.locoxelrojo.com\/independiente\/wp-json\/wp\/v2\/media?parent=4094"}],"wp:term":[{"taxonomy":"category","embeddable":true,"href":"https:\/\/www.locoxelrojo.com\/independiente\/wp-json\/wp\/v2\/categories?post=4094"},{"taxonomy":"post_tag","embeddable":true,"href":"https:\/\/www.locoxelrojo.com\/independiente\/wp-json\/wp\/v2\/tags?post=4094"}],"curies":[{"name":"wp","href":"https:\/\/api.w.org\/{rel}","templated":true}]}}