{"id":40956,"date":"2014-02-26T22:41:33","date_gmt":"2014-02-27T01:41:33","guid":{"rendered":"http:\/\/www.locoxelrojo.com.ar\/independiente\/?p=40956"},"modified":"2015-10-14T21:59:22","modified_gmt":"2015-10-15T00:59:22","slug":"ficha-del-partido-vs-atletico-tucuman-2","status":"publish","type":"post","link":"https:\/\/www.locoxelrojo.com\/independiente\/2014\/02\/26\/ficha-del-partido-vs-atletico-tucuman-2\/","title":{"rendered":"Ficha del partido vs. Atl\u00e9tico Tucum\u00e1n"},"content":{"rendered":"<p><strong>Independiente (1):<\/strong> Diego Rodr\u00edguez; Gabriel Vall\u00e9s, Cristian Tula, Claudio Morel Rodr\u00edguez, Federico Mancuello; Mart\u00edn Zapata, Franco Bellocq; Mat\u00edas Pisano, Federico Ins\u00faa, Daniel Montenegro; Adri\u00e1n Fern\u00e1ndez.\u00a0DT: Omar De Felippe.<\/p>\n<p><strong>Atl\u00e9tico Tucum\u00e1n (3):<\/strong> Cristian Lucchetti; Nicol\u00e1s Romat, Bruno Bianchi, Javier Malague\u00f1o, Franco Canever; Guillermo Acosta, Diego Barrado, Mat\u00edas Carabajal, Gonzalo Baz\u00e1n; Luis Rodr\u00edguez y V\u00edctor P\u00edriz Alves.\u00a0DT: Diego Erroz.<\/p>\n<p><strong>Goles:<\/strong> 33&#8242; PT Gonzalo Baz\u00e1n (AT), 2&#8242; ST Luis Rodr\u00edguez (AT), 26&#8242; ST Sebasti\u00e1n Penco (I) y 42&#8242; ST V\u00edctor Piriz Alves (AT).<\/p>\n<p><strong>Cambios:<\/strong> 0&#8242; ST Mart\u00edn Ben\u00edtez por Zapata (I), 10&#8242; ST Sebasti\u00e1n Penco por Ins\u00faa (I), 20&#8242; ST Lucas Villalba por Mancuello (I), 24&#8242; ST Sebasti\u00e1n Longo por Acosta (AT), 31&#8242; ST Franco Sbutoni por Carabajal (AT) y 38&#8242; ST Pablo Desp\u00f3sito por Baz\u00e1n (AT).<\/p>\n<p><strong>Amonestados:<\/strong> 39&#8242; ST Bellocq (I).<\/p>\n<p><strong>Expulsados:<\/strong> No hubo.<\/p>\n<p><strong>\u00c1rbitro:<\/strong> Pablo D\u00edaz.<\/p>\n<p><strong>Estadio:<\/strong> Libertadores de Am\u00e9rica.<\/p>\n","protected":false},"excerpt":{"rendered":"<p>Independiente (1): Diego Rodr\u00edguez; Gabriel Vall\u00e9s, Cristian Tula, Claudio Morel Rodr\u00edguez, Federico Mancuello; Mart\u00edn Zapata, Franco Bellocq; Mat\u00edas Pisano, Federico Ins\u00faa, Daniel Montenegro; Adri\u00e1n Fern\u00e1ndez.\u00a0DT: Omar De Felippe. Atl\u00e9tico Tucum\u00e1n (3): Cristian Lucchetti; Nicol\u00e1s Romat, Bruno Bianchi, Javier Malague\u00f1o, Franco Canever; Guillermo Acosta, Diego Barrado, Mat\u00edas Carabajal, Gonzalo Baz\u00e1n; Luis Rodr\u00edguez y V\u00edctor P\u00edriz Alves.\u00a0DT: [&hellip;]<\/p>\n","protected":false},"author":11,"featured_media":40958,"comment_status":"closed","ping_status":"closed","sticky":false,"template":"","format":"standard","meta":{"_links_to":"","_links_to_target":""},"categories":[1988,3,1],"tags":[297,2330,153,295,740],"_links":{"self":[{"href":"https:\/\/www.locoxelrojo.com\/independiente\/wp-json\/wp\/v2\/posts\/40956"}],"collection":[{"href":"https:\/\/www.locoxelrojo.com\/independiente\/wp-json\/wp\/v2\/posts"}],"about":[{"href":"https:\/\/www.locoxelrojo.com\/independiente\/wp-json\/wp\/v2\/types\/post"}],"author":[{"embeddable":true,"href":"https:\/\/www.locoxelrojo.com\/independiente\/wp-json\/wp\/v2\/users\/11"}],"replies":[{"embeddable":true,"href":"https:\/\/www.locoxelrojo.com\/independiente\/wp-json\/wp\/v2\/comments?post=40956"}],"version-history":[{"count":0,"href":"https:\/\/www.locoxelrojo.com\/independiente\/wp-json\/wp\/v2\/posts\/40956\/revisions"}],"wp:featuredmedia":[{"embeddable":true,"href":"https:\/\/www.locoxelrojo.com\/independiente\/wp-json\/wp\/v2\/media\/40958"}],"wp:attachment":[{"href":"https:\/\/www.locoxelrojo.com\/independiente\/wp-json\/wp\/v2\/media?parent=40956"}],"wp:term":[{"taxonomy":"category","embeddable":true,"href":"https:\/\/www.locoxelrojo.com\/independiente\/wp-json\/wp\/v2\/categories?post=40956"},{"taxonomy":"post_tag","embeddable":true,"href":"https:\/\/www.locoxelrojo.com\/independiente\/wp-json\/wp\/v2\/tags?post=40956"}],"curies":[{"name":"wp","href":"https:\/\/api.w.org\/{rel}","templated":true}]}}