{"id":4098,"date":"2011-01-18T20:47:51","date_gmt":"2011-01-18T23:47:51","guid":{"rendered":"http:\/\/www.locoxelrojo.com.ar\/independiente\/?p=4098"},"modified":"2011-01-18T20:48:09","modified_gmt":"2011-01-18T23:48:09","slug":"mohamed-ganar-las-copas-y-entrar-en-la-historia-del-club","status":"publish","type":"post","link":"https:\/\/www.locoxelrojo.com\/independiente\/2011\/01\/18\/mohamed-ganar-las-copas-y-entrar-en-la-historia-del-club\/","title":{"rendered":"Mohamed: &#8220;Ganar las copas y entrar en la historia del club&#8221;"},"content":{"rendered":"<p><a href=\"http:\/\/www.locoxelrojo.com.ar\/independiente\/wp-content\/uploads\/2011\/01\/mohamed_independiente.jpg\"><img loading=\"lazy\" class=\"alignnone size-full wp-image-4103\" title=\"mohamed_independiente\" src=\"http:\/\/www.locoxelrojo.com.ar\/independiente\/wp-content\/uploads\/2011\/01\/mohamed_independiente.jpg\" alt=\"\" width=\"550\" height=\"315\" srcset=\"https:\/\/locoxelrojo.com\/independiente\/wp-content\/uploads\/2011\/01\/mohamed_independiente.jpg 550w, https:\/\/locoxelrojo.com\/independiente\/wp-content\/uploads\/2011\/01\/mohamed_independiente-300x171.jpg 300w\" sizes=\"(max-width: 550px) 100vw, 550px\" \/><\/a><\/p>\n<p>Antonio Mohamed dialog\u00f3 con<em> Fox Sports Radio en Del Plata <\/em>y se puso los objetivos para este a\u00f1o. <strong>&#8220;Queremos triunfar este a\u00f1o, ganar las copas y entrar en la historia del club&#8221;<\/strong>, asegur\u00f3. El t\u00e9cnico asegura que el equipo es similar al que jug\u00f3 frente a Boca pero sumando a Parra.<\/p>\n<p>Al turco le gusta mucho Defederico y cree que est\u00e1<strong> &#8220;muy explosivo y cada vez mejor.&#8221; <\/strong>El t\u00e9cnico resalt\u00f3 tambi\u00e9n que el equipo est\u00e1 bien de la cabeza y &#8220;<strong>equiparado en lo f\u00edsico.&#8221; <\/strong>Desde su punto de vista, el hincha no debe preocuparse por lo generado en el verano porque<strong> &#8220;el pico de laburo son 3 semanas y no lo pudimos hacer porque tenemos paritdo el 25. Estamos para media hora fuerte y sab\u00edamos que nos ibamos a caer. Igualmente, cuando los dem\u00e1s arranquen el torneo nosotros vamos a tener 3 partidos&#8221;<\/strong>, aclar\u00f3.<\/p>\n<p>Mohamed est\u00e1 contento de estos problemas porque quiere <strong>&#8220;jugar todo&#8221;<\/strong> es por eso que desde su mirada &#8220;<strong>no hay excusas cuandno todos los d\u00edas est\u00e1s a prueba.&#8221;<\/strong> En estos casos, el trabajo es la clave del \u00e9xito. <strong>&#8220;Nos dio un titulo, estamos tranquilos porque seguimos siendo los mismos. Creemos que podemos ayudar a los jugadores a que puedan ganar m\u00e1s copas. Independiente tendr\u00e1 que alcanzar a otros rivales en las copas, esperemos entrar en la historia del club&#8221;<\/strong>, prometi\u00f3.<\/p>\n<p>Mohamed volvi\u00f3 a repetir que &#8220;<strong>hasta la 10ma del torneo no viajamos y de clasificar a la fase de grupos, reci\u00e9n en abril con 3 o 4 fechas del torneo ir\u00edamos a Quito para comenzar la rotaci\u00f3n&#8221;. El t\u00e9cnico est\u00e1 conforme con sus dirigidos y cree tener plantel para disputar ambos cert\u00e1menes. &#8220;Ya nos sacamos la mochila de encima de ganar algo&#8221;,<\/strong> consider\u00f3.<\/p>\n<p>Para cerrar Mohamed descart\u00f3 a Balsas, el delantero de San Loreno y cont\u00f3 que Independiente no le puede pagar a Boghossian.<strong> &#8220;Vamos a traer un delantero, hay varias posibilidades. Estoy esperando a que cierre el libro de Europa, tengo fe. Boghossian me cierra pero no los n\u00fameros al club, \u00bfc\u00f3mo no me va a gustar? En cuanto a Balsas, prefiero otro tipo de jugador, con habilidad&#8221;<\/strong>, cerr\u00f3.<\/p>\n<div id=\"_mcePaste\" style=\"position: absolute; left: -10000px; top: 0px; width: 1px; height: 1px; overflow: hidden;\">defederico est\u00e1 bien y muy explosivo, cada d\u00eda mejor. El equipo es parecido al que jug\u00f3 el otro d\u00eda pero sumando a Facundo.<br \/>\nEl equipo est\u00e1 bien de la cabeza, en lo f\u00edsico estamos todos equiparados. Dependemos de como nos vaya en esta serie. El pico de laburo son 3 semanas y no lo pudimos hacer porque tenemos paritdo el 25. Estamos para media hora fuerte y sab\u00edamos que nos ibamosa caer. caundo los dem\u00e1s arranquen el torneo nosotros vamos a tener 3 partidos pero vamos a llegarbien.<br \/>\nno es una excusa, yo quiero este tipo de problemas porque quiero jugar todo.<br \/>\ntdos los d\u00edas est\u00e1s a prueba y hay que trabajar. el trabajo nos dio un titulo, estamos tranquilos porque seguimos siendo los mismos. creemos que podemos ayudar a los jugadores a que puedan ganar m\u00e1s copas. Independiente tendr\u00e1 que alcanzar a otros rivales en las copas, esperemos entrar en la historia del club.<br \/>\nLa Libertadores es difernete, hasta la 10ma del torneo no viajamos. Tenemos Godoy, Curz liga y pe\u00f1arol. a liga iriamoscasi en abril con 3 o 4 fechas del torneo y reci\u00e9n ahi rotariamos, tenemos plantel para jugar 2 cosas. ya nos sacamos la mochila de encima de ganar algo.<br \/>\nvamos a traer un delantero, hay varias posibilidades. estoy esperando a que cierre el libro de europa, tengo fe. boghossian me cierra pero no los n\u00fameros al club, c\u00f3mo no me va a gustar? balsas , prefiero otro tipo de jugador, con habilidad.<\/p>\n<\/div>\n","protected":false},"excerpt":{"rendered":"<p>Antonio Mohamed dialog\u00f3 con Fox Sports Radio en Del Plata y se puso los objetivos para este a\u00f1o. &#8220;Queremos triunfar este a\u00f1o, ganar las copas y entrar en la historia del club&#8221;, asegur\u00f3. El t\u00e9cnico asegura que el equipo es similar al que jug\u00f3 frente a Boca pero sumando a Parra. Al turco le gusta [&hellip;]<\/p>\n","protected":false},"author":1,"featured_media":0,"comment_status":"open","ping_status":"open","sticky":false,"template":"","format":"standard","meta":{"_links_to":"","_links_to_target":""},"categories":[494,3,1],"tags":[115,153,223,470,471,472],"_links":{"self":[{"href":"https:\/\/www.locoxelrojo.com\/independiente\/wp-json\/wp\/v2\/posts\/4098"}],"collection":[{"href":"https:\/\/www.locoxelrojo.com\/independiente\/wp-json\/wp\/v2\/posts"}],"about":[{"href":"https:\/\/www.locoxelrojo.com\/independiente\/wp-json\/wp\/v2\/types\/post"}],"author":[{"embeddable":true,"href":"https:\/\/www.locoxelrojo.com\/independiente\/wp-json\/wp\/v2\/users\/1"}],"replies":[{"embeddable":true,"href":"https:\/\/www.locoxelrojo.com\/independiente\/wp-json\/wp\/v2\/comments?post=4098"}],"version-history":[{"count":0,"href":"https:\/\/www.locoxelrojo.com\/independiente\/wp-json\/wp\/v2\/posts\/4098\/revisions"}],"wp:attachment":[{"href":"https:\/\/www.locoxelrojo.com\/independiente\/wp-json\/wp\/v2\/media?parent=4098"}],"wp:term":[{"taxonomy":"category","embeddable":true,"href":"https:\/\/www.locoxelrojo.com\/independiente\/wp-json\/wp\/v2\/categories?post=4098"},{"taxonomy":"post_tag","embeddable":true,"href":"https:\/\/www.locoxelrojo.com\/independiente\/wp-json\/wp\/v2\/tags?post=4098"}],"curies":[{"name":"wp","href":"https:\/\/api.w.org\/{rel}","templated":true}]}}