{"id":4100,"date":"2011-01-19T08:16:58","date_gmt":"2011-01-19T10:16:58","guid":{"rendered":"http:\/\/www.locoxelrojo.com.ar\/independiente\/?p=4100"},"modified":"2015-09-09T16:22:15","modified_gmt":"2015-09-09T19:22:15","slug":"maxi-velazquez-apunto-a-que-este-sea-mi-semestre","status":"publish","type":"post","link":"https:\/\/www.locoxelrojo.com\/independiente\/2011\/01\/19\/maxi-velazquez-apunto-a-que-este-sea-mi-semestre\/","title":{"rendered":"M. Vel\u00e1zquez: &#8220;Apunto a que este sea mi semestre&#8221;"},"content":{"rendered":"<p><a href=\"http:\/\/www.locoxelrojo.com.ar\/independiente\/wp-content\/uploads\/2011\/01\/m-velazquez.jpg\"><img loading=\"lazy\" class=\"alignnone size-full wp-image-4106\" title=\"m-velazquez\" src=\"http:\/\/www.locoxelrojo.com.ar\/independiente\/wp-content\/uploads\/2011\/01\/m-velazquez.jpg\" alt=\"\" width=\"550\" height=\"315\" srcset=\"https:\/\/locoxelrojo.com\/independiente\/wp-content\/uploads\/2011\/01\/m-velazquez.jpg 550w, https:\/\/locoxelrojo.com\/independiente\/wp-content\/uploads\/2011\/01\/m-velazquez-300x171.jpg 300w\" sizes=\"(max-width: 550px) 100vw, 550px\" \/><\/a><\/p>\n<p>La pretemporada de Independiente est\u00e1 a punto de finalizar en la ciudad de Mar del Plata y la cabeza ya est\u00e1n puestas en el partido del 25 de enero frente a Deportivo Quito. Todo el plantel est\u00e1 mentalizado en ese objetivo: meter al Rojo en la Copa Libertadores. El Turco el equipo lo tiene en la cabeza y uno de los que se perfila para estar entre los once parece ser Maxi Vel\u00e1zquez. &#8220;No confirm\u00f3 nada el Turco sobre el equipo, hicimos una bueba pr\u00e1ctica por la ma\u00f1ana y por la tarde hicimos tambi\u00e9n f\u00fatbol.\u00a0 Lo necesitamos porque se nos viene un partido importante&#8221;, cuenta el lateral.<\/p>\n<p>Con Hen\u00e1n Fredes lesionado, Mohamed decidi\u00f3 poner a Lucas Mareque como doble cinco junto a Batti\u00f3n. Esta modificaci\u00f3n t\u00e1ctica le dio la chance a Maxi de entrar en el equipo titular por el carril izquierdo. &#8220;Espero la chance. Hoy estuve en el equipo y espero haber dejado conforme al t\u00e9cnico&#8221;.<\/p>\n<p>Por el momento el DT se dedic\u00f3 a poner a punto al equipo. Todav\u00eda no hubo tiempo para analizar el pr\u00f3ximo rival, seg\u00fan cuenta Vel\u00e1zquez,\u00a0 algo a lo que Mohamed le presta mucha atenci\u00f3n. &#8220;El Turco siempre nos muestra cosas de los rivales y seguramente con el correr de los d\u00edas vamos a ver algo.\u00a0 Todav\u00eda no vimos nada de Deportivo Quito. Nos muestran la pelota parada y como se paran en la cancha cuando comienzan los partidos&#8221;.<\/p>\n<p>En cuanto a sus aspiraciones, el ex Lan\u00fas busca ganarse un lugar en el equipo. &#8220;Apunto a que este sea mi semestre. Hice una gran pretemporada y el semestre pasado no la tuve. Hemos hecho un gran trabajo y me siento mejor en lo f\u00edsico,\u00a0 que es fundamental para mi juego.\u00a0 &#8220;Espero tener la chance\u00a0 de arranacar jugando y voy a dejar todo&#8221;, cerr\u00f3.<\/p>\n","protected":false},"excerpt":{"rendered":"<p>La pretemporada de Independiente est\u00e1 a punto de finalizar en la ciudad de Mar del Plata y la cabeza ya est\u00e1n puestas en el partido del 25 de enero frente a Deportivo Quito. Todo el plantel est\u00e1 mentalizado en ese objetivo: meter al Rojo en la Copa Libertadores. El Turco el equipo lo tiene en [&hellip;]<\/p>\n","protected":false},"author":1,"featured_media":0,"comment_status":"open","ping_status":"open","sticky":false,"template":"","format":"standard","meta":{"_links_to":"","_links_to_target":""},"categories":[494,3,1],"tags":[115,153,285,154,354],"_links":{"self":[{"href":"https:\/\/www.locoxelrojo.com\/independiente\/wp-json\/wp\/v2\/posts\/4100"}],"collection":[{"href":"https:\/\/www.locoxelrojo.com\/independiente\/wp-json\/wp\/v2\/posts"}],"about":[{"href":"https:\/\/www.locoxelrojo.com\/independiente\/wp-json\/wp\/v2\/types\/post"}],"author":[{"embeddable":true,"href":"https:\/\/www.locoxelrojo.com\/independiente\/wp-json\/wp\/v2\/users\/1"}],"replies":[{"embeddable":true,"href":"https:\/\/www.locoxelrojo.com\/independiente\/wp-json\/wp\/v2\/comments?post=4100"}],"version-history":[{"count":0,"href":"https:\/\/www.locoxelrojo.com\/independiente\/wp-json\/wp\/v2\/posts\/4100\/revisions"}],"wp:attachment":[{"href":"https:\/\/www.locoxelrojo.com\/independiente\/wp-json\/wp\/v2\/media?parent=4100"}],"wp:term":[{"taxonomy":"category","embeddable":true,"href":"https:\/\/www.locoxelrojo.com\/independiente\/wp-json\/wp\/v2\/categories?post=4100"},{"taxonomy":"post_tag","embeddable":true,"href":"https:\/\/www.locoxelrojo.com\/independiente\/wp-json\/wp\/v2\/tags?post=4100"}],"curies":[{"name":"wp","href":"https:\/\/api.w.org\/{rel}","templated":true}]}}