{"id":4114,"date":"2011-01-19T13:54:50","date_gmt":"2011-01-19T16:54:50","guid":{"rendered":"http:\/\/www.locoxelrojo.com.ar\/independiente\/?p=4114"},"modified":"2015-09-09T16:24:25","modified_gmt":"2015-09-09T19:24:25","slug":"venta-de-entradas-para-el-martes","status":"publish","type":"post","link":"https:\/\/www.locoxelrojo.com\/independiente\/2011\/01\/19\/venta-de-entradas-para-el-martes\/","title":{"rendered":"Venta de entradas vs. Deportivo Quito"},"content":{"rendered":"<p><a href=\"http:\/\/www.locoxelrojo.com.ar\/independiente\/wp-content\/uploads\/2011\/01\/libertadores_de_america.jpg\"><img loading=\"lazy\" class=\"alignnone size-full wp-image-4116\" title=\"libertadores_de_america\" src=\"http:\/\/www.locoxelrojo.com.ar\/independiente\/wp-content\/uploads\/2011\/01\/libertadores_de_america.jpg\" alt=\"\" width=\"550\" height=\"315\" srcset=\"https:\/\/locoxelrojo.com\/independiente\/wp-content\/uploads\/2011\/01\/libertadores_de_america.jpg 550w, https:\/\/locoxelrojo.com\/independiente\/wp-content\/uploads\/2011\/01\/libertadores_de_america-300x171.jpg 300w\" sizes=\"(max-width: 550px) 100vw, 550px\" \/><\/a><\/p>\n<p>La venta de entradas para el partido por el repechaje de la Copa Libertadores a disputarse el pr\u00f3ximo martes 25 a las 21,15 comenzar\u00e1 el pr\u00f3ximo viernes, continuar\u00e1 el s\u00e1bado y seguir\u00e1 el lunes. Podr\u00e1s adquirirlas en las boleter\u00eda del estadio ubicadas en Italia y Bochini o en la Sede de Capital Federal situada en Boyac\u00e1 470. La venta comenzar\u00e1 a las 10 horas y continuar\u00e1 hasta las 5 de la tarde.<\/p>\n<p>Para sacar las entradas es necesario tener pago el mes de diciembre. Distinto es el caso de los abonados, los cuales podr\u00e1n acercarse a la sede de Mitre 470 en el mismo horario y con el carnet de socio. Como anticipamos ayer y seg\u00fan inform\u00f3 la Secretar\u00eda de Prensa del Club, los abonados a platea podr\u00e1n adquirir su misma ubicaci\u00f3n \u00fanicamente en la Sede Social, hasta el lunes 24 a las 17 hs. Vencido ese plazo se pondr\u00e1n a la venta las ubicaciones no adquiridas.<\/p>\n<p>Las personas con certificado de discapacidad deber\u00e1n presentarse en el Estadio el d\u00eda viernes 21 de 10 a 17 hs y acreditarse para el ingreso.<\/p>\n<p>A continuaci\u00f3n, los precios detallados seg\u00fan ubicaci\u00f3n:<\/p>\n<p><a href=\"http:\/\/www.locoxelrojo.com.ar\/independiente\/wp-content\/uploads\/2011\/01\/precios_libertadores_de_am\u00e9rica.jpg\"><img loading=\"lazy\" class=\"alignnone size-full wp-image-4115\" title=\"precios_libertadores_de_am\u00e9rica\" src=\"http:\/\/www.locoxelrojo.com.ar\/independiente\/wp-content\/uploads\/2011\/01\/precios_libertadores_de_am\u00e9rica.jpg\" alt=\"\" width=\"536\" height=\"201\" srcset=\"https:\/\/locoxelrojo.com\/independiente\/wp-content\/uploads\/2011\/01\/precios_libertadores_de_am\u00e9rica.jpg 650w, https:\/\/locoxelrojo.com\/independiente\/wp-content\/uploads\/2011\/01\/precios_libertadores_de_am\u00e9rica-300x112.jpg 300w\" sizes=\"(max-width: 536px) 100vw, 536px\" \/><\/a><\/p>\n","protected":false},"excerpt":{"rendered":"<p>La venta de entradas para el partido por el repechaje de la Copa Libertadores a disputarse el pr\u00f3ximo martes 25 a las 21,15 comenzar\u00e1 el pr\u00f3ximo viernes, continuar\u00e1 el s\u00e1bado y seguir\u00e1 el lunes. Podr\u00e1s adquirirlas en las boleter\u00eda del estadio ubicadas en Italia y Bochini o en la Sede de Capital Federal situada en [&hellip;]<\/p>\n","protected":false},"author":1,"featured_media":0,"comment_status":"open","ping_status":"open","sticky":false,"template":"","format":"standard","meta":{"_links_to":"","_links_to_target":""},"categories":[1,19],"tags":[153,364,285,20],"_links":{"self":[{"href":"https:\/\/www.locoxelrojo.com\/independiente\/wp-json\/wp\/v2\/posts\/4114"}],"collection":[{"href":"https:\/\/www.locoxelrojo.com\/independiente\/wp-json\/wp\/v2\/posts"}],"about":[{"href":"https:\/\/www.locoxelrojo.com\/independiente\/wp-json\/wp\/v2\/types\/post"}],"author":[{"embeddable":true,"href":"https:\/\/www.locoxelrojo.com\/independiente\/wp-json\/wp\/v2\/users\/1"}],"replies":[{"embeddable":true,"href":"https:\/\/www.locoxelrojo.com\/independiente\/wp-json\/wp\/v2\/comments?post=4114"}],"version-history":[{"count":0,"href":"https:\/\/www.locoxelrojo.com\/independiente\/wp-json\/wp\/v2\/posts\/4114\/revisions"}],"wp:attachment":[{"href":"https:\/\/www.locoxelrojo.com\/independiente\/wp-json\/wp\/v2\/media?parent=4114"}],"wp:term":[{"taxonomy":"category","embeddable":true,"href":"https:\/\/www.locoxelrojo.com\/independiente\/wp-json\/wp\/v2\/categories?post=4114"},{"taxonomy":"post_tag","embeddable":true,"href":"https:\/\/www.locoxelrojo.com\/independiente\/wp-json\/wp\/v2\/tags?post=4114"}],"curies":[{"name":"wp","href":"https:\/\/api.w.org\/{rel}","templated":true}]}}