{"id":41370,"date":"2014-03-10T15:35:26","date_gmt":"2014-03-10T18:35:26","guid":{"rendered":"http:\/\/www.locoxelrojo.com.ar\/independiente\/?p=41370"},"modified":"2014-03-10T23:53:29","modified_gmt":"2014-03-11T02:53:29","slug":"de-felippe-les-dije-que-si-nosotros-eramos-la-traba-dabamos-un-paso-al-costado","status":"publish","type":"post","link":"https:\/\/www.locoxelrojo.com\/independiente\/2014\/03\/10\/de-felippe-les-dije-que-si-nosotros-eramos-la-traba-dabamos-un-paso-al-costado\/","title":{"rendered":"De Felippe: \u201cLes dije que si nosotros \u00e9ramos la traba, d\u00e1bamos un paso al costado\u201d"},"content":{"rendered":"<p>Omar De Felippe revel\u00f3 algunos detalles de la charla que tuvo con el plantel despu\u00e9s de la derrota ante Hurac\u00e1n. El entrenador cont\u00f3 que puso su continuidad a disposici\u00f3n de los jugadores, quienes le dieron todo su apoyo. Adem\u00e1s, se mostr\u00f3 optimista de cara al futuro y avis\u00f3: <strong>\u201cPara lograr solidez voy a hacer lo que tenga que hacer. Si tengo que sacar a alguien para eso, lo har\u00e9\u201d<\/strong>.<\/p>\n<p><strong>\u201cNo nos vamos a entregar, no nos vamos a acostumbrar a perder. Hay que seguir y revelarse a esta realidad que no esper\u00e1bamos. El f\u00fatbol son momentos y el nuestro ahora es complicado\u201d<\/strong>, remarc\u00f3 el DT en di\u00e1logo con <em>Am\u00e9rica and Closs<\/em>\u00a0y enseguida dio paso a la autocr\u00edtica: <strong>\u201cMe siento muy mal cuando no puedo convencer a un jugador de lo que quiero que haga o no lo puedo hacer rendir. Yo me hago responsable de esto\u201d<\/strong>.<\/p>\n<p>Tras reconocer que el plantel y el cuerpo t\u00e9cnico son <strong>\u201cpr\u00e1cticamente los mismos\u201d<\/strong> que los del primer semestre, De Felippe confi\u00f3 detalles de su charla con los jugadores: <strong>\u201cLes pregunt\u00e9 qu\u00e9 les pasaba, que si nosotros \u00e9ramos la traba, d\u00e1bamos un paso al costado. Me gusta decir las cosas en caliente, porque en fr\u00edo quiz\u00e1s no las dec\u00eds\u201d<\/strong>. En la misma l\u00ednea, confirm\u00f3 que seguir\u00e1 en el cargo: <strong>\u201cEn este momento no me voy a ir. Ser\u00eda muy f\u00e1cil no tomar la responsabilidad e irme. Si estamos juntos, vamos a seguir\u201d<\/strong>.<\/p>\n<p>Sobre los aspectos a corregir, el t\u00e9cnico de Independiente consider\u00f3 que <strong>\u201cel equipo no le est\u00e1 dando la bienvenida a los que juegan bien\u201d<\/strong>, ya que <strong>\u201cse queda sin juego y muy partido, y le cuesta recuperar la pelota\u201d<\/strong>. Sin embargo, se mostr\u00f3 fortalecido para cambiar la situaci\u00f3n: <strong>\u201cNo dudo de poder ascender. Si nos despertamos, nuevamente estaremos ah\u00ed. El torneo nos est\u00e1 dando muchas posibilidades. El otro d\u00eda tocamos fondo\u201d<\/strong>.<\/p>\n<p>Finalmente, De Felippe se refiri\u00f3 al duro compromiso que tendr\u00e1 el Rojo en el estadio Florencio Sola el pr\u00f3ximo viernes, nada menos que ante el l\u00edder de la B Nacional. <strong>\u201cEs probable que la solidez llegue a partir de no perder con Banfield, que es el mejor equipo. Estos chicos est\u00e1n mentalizados, ojal\u00e1 se den los resultados\u201d<\/strong>, cerr\u00f3.<\/p>\n","protected":false},"excerpt":{"rendered":"<p>Omar De Felippe revel\u00f3 algunos detalles de la charla que tuvo con el plantel despu\u00e9s de la derrota ante Hurac\u00e1n. El entrenador cont\u00f3 que puso su continuidad a disposici\u00f3n de los jugadores, quienes le dieron todo su apoyo. Adem\u00e1s, se mostr\u00f3 optimista de cara al futuro y avis\u00f3: \u201cPara lograr solidez voy a hacer lo [&hellip;]<\/p>\n","protected":false},"author":8,"featured_media":41381,"comment_status":"closed","ping_status":"closed","sticky":false,"template":"","format":"standard","meta":{"_links_to":"","_links_to_target":""},"categories":[3,1],"tags":[2032],"_links":{"self":[{"href":"https:\/\/www.locoxelrojo.com\/independiente\/wp-json\/wp\/v2\/posts\/41370"}],"collection":[{"href":"https:\/\/www.locoxelrojo.com\/independiente\/wp-json\/wp\/v2\/posts"}],"about":[{"href":"https:\/\/www.locoxelrojo.com\/independiente\/wp-json\/wp\/v2\/types\/post"}],"author":[{"embeddable":true,"href":"https:\/\/www.locoxelrojo.com\/independiente\/wp-json\/wp\/v2\/users\/8"}],"replies":[{"embeddable":true,"href":"https:\/\/www.locoxelrojo.com\/independiente\/wp-json\/wp\/v2\/comments?post=41370"}],"version-history":[{"count":0,"href":"https:\/\/www.locoxelrojo.com\/independiente\/wp-json\/wp\/v2\/posts\/41370\/revisions"}],"wp:featuredmedia":[{"embeddable":true,"href":"https:\/\/www.locoxelrojo.com\/independiente\/wp-json\/wp\/v2\/media\/41381"}],"wp:attachment":[{"href":"https:\/\/www.locoxelrojo.com\/independiente\/wp-json\/wp\/v2\/media?parent=41370"}],"wp:term":[{"taxonomy":"category","embeddable":true,"href":"https:\/\/www.locoxelrojo.com\/independiente\/wp-json\/wp\/v2\/categories?post=41370"},{"taxonomy":"post_tag","embeddable":true,"href":"https:\/\/www.locoxelrojo.com\/independiente\/wp-json\/wp\/v2\/tags?post=41370"}],"curies":[{"name":"wp","href":"https:\/\/api.w.org\/{rel}","templated":true}]}}