{"id":41374,"date":"2014-03-10T15:47:14","date_gmt":"2014-03-10T18:47:14","guid":{"rendered":"http:\/\/www.locoxelrojo.com.ar\/independiente\/?p=41374"},"modified":"2014-03-10T23:54:50","modified_gmt":"2014-03-11T02:54:50","slug":"cantero-de-felippe-es-un-fenomeno-y-no-necesita-que-yo-lo-respalde","status":"publish","type":"post","link":"https:\/\/www.locoxelrojo.com\/independiente\/2014\/03\/10\/cantero-de-felippe-es-un-fenomeno-y-no-necesita-que-yo-lo-respalde\/","title":{"rendered":"Cantero: \u201cDe Felippe es un fen\u00f3meno y no necesita que yo lo respalde\u201d"},"content":{"rendered":"<p>Javier Cantero habl\u00f3 sobre el mal momento del equipo y asegur\u00f3 que conf\u00eda en el trabajo de Omar De Felippe al frente de Independiente. <strong>\u201cEs un fen\u00f3meno de persona y no necesita que yo lo respalde\u201d<\/strong>, remarc\u00f3.<\/p>\n<p><strong>\u201cYo conf\u00edo plenamente en el entrenador y estoy seguro que va a sacar las cosas adelante\u201d<\/strong>, expres\u00f3 el presidente del club en di\u00e1logo con Deportivo T\u00e9lam, y se\u00f1al\u00f3 que <strong>\u201cbasta con mirar la tabla de posiciones y observar los puntos que sum\u00f3 el equipo desde que lleg\u00f3 De Felippe\u201d<\/strong>.<\/p>\n<p>Por otro lado, Cantero defendi\u00f3 al plantel despu\u00e9s de los incidentes del s\u00e1bado tras la derrota ante Hurac\u00e1n: <strong>\u201cEs injusto que los hinchas le griten algunas cosas muy feas a los jugadores, porque no se lo merecen\u201d<\/strong>. Sin embargo, opin\u00f3 que <strong>\u201choy en d\u00eda a los jugadores les pesa la presi\u00f3n de jugar de locales, sobre todo a los grandes\u201d<\/strong>.<\/p>\n","protected":false},"excerpt":{"rendered":"<p>Javier Cantero habl\u00f3 sobre el mal momento del equipo y asegur\u00f3 que conf\u00eda en el trabajo de Omar De Felippe al frente de Independiente. \u201cEs un fen\u00f3meno de persona y no necesita que yo lo respalde\u201d, remarc\u00f3. \u201cYo conf\u00edo plenamente en el entrenador y estoy seguro que va a sacar las cosas adelante\u201d, expres\u00f3 el [&hellip;]<\/p>\n","protected":false},"author":8,"featured_media":41383,"comment_status":"closed","ping_status":"closed","sticky":false,"template":"","format":"standard","meta":{"_links_to":"","_links_to_target":""},"categories":[3,1],"tags":[723,2032],"_links":{"self":[{"href":"https:\/\/www.locoxelrojo.com\/independiente\/wp-json\/wp\/v2\/posts\/41374"}],"collection":[{"href":"https:\/\/www.locoxelrojo.com\/independiente\/wp-json\/wp\/v2\/posts"}],"about":[{"href":"https:\/\/www.locoxelrojo.com\/independiente\/wp-json\/wp\/v2\/types\/post"}],"author":[{"embeddable":true,"href":"https:\/\/www.locoxelrojo.com\/independiente\/wp-json\/wp\/v2\/users\/8"}],"replies":[{"embeddable":true,"href":"https:\/\/www.locoxelrojo.com\/independiente\/wp-json\/wp\/v2\/comments?post=41374"}],"version-history":[{"count":0,"href":"https:\/\/www.locoxelrojo.com\/independiente\/wp-json\/wp\/v2\/posts\/41374\/revisions"}],"wp:featuredmedia":[{"embeddable":true,"href":"https:\/\/www.locoxelrojo.com\/independiente\/wp-json\/wp\/v2\/media\/41383"}],"wp:attachment":[{"href":"https:\/\/www.locoxelrojo.com\/independiente\/wp-json\/wp\/v2\/media?parent=41374"}],"wp:term":[{"taxonomy":"category","embeddable":true,"href":"https:\/\/www.locoxelrojo.com\/independiente\/wp-json\/wp\/v2\/categories?post=41374"},{"taxonomy":"post_tag","embeddable":true,"href":"https:\/\/www.locoxelrojo.com\/independiente\/wp-json\/wp\/v2\/tags?post=41374"}],"curies":[{"name":"wp","href":"https:\/\/api.w.org\/{rel}","templated":true}]}}