{"id":41422,"date":"2014-03-11T20:34:44","date_gmt":"2014-03-11T23:34:44","guid":{"rendered":"http:\/\/www.locoxelrojo.com.ar\/independiente\/?p=41422"},"modified":"2014-03-11T20:34:44","modified_gmt":"2014-03-11T23:34:44","slug":"delfino-sera-el-arbitro-ante-banfield","status":"publish","type":"post","link":"https:\/\/www.locoxelrojo.com\/independiente\/2014\/03\/11\/delfino-sera-el-arbitro-ante-banfield\/","title":{"rendered":"Delfino ser\u00e1 el \u00e1rbitro ante Banfield"},"content":{"rendered":"<p>La Asociaci\u00f3n del F\u00fatbol Argentino dio a conocer esta tarde la n\u00f3mina de los \u00e1rbitros que se encargar\u00e1n de impartir justicia el pr\u00f3ximo fin de semana, correspondiente a la fecha 28 del Torneo de la B Nacional. <strong>El juez del encuentro entre Banfield e Independiente ser\u00e1 Germ\u00e1n Delfino, quien viene de dirigir V\u00e9lez Sarsfield y Belgrano el \u00faltimo s\u00e1bado.<\/strong><\/p>\n<p>El pr\u00f3ximo viernes a partir de las 21:30, en el Estadio Florencio Sola, Delfino impartir\u00e1 justicia en un partido de Independiente en la B Nacional por segunda vez. <strong>El anterior hab\u00eda sido este mismo a\u00f1o, en la fecha 24, cuando el Rojo visit\u00f3 a Aldosivi en Mar del Plata. Aqu\u00e9l encuentro finaliz\u00f3 empatado 0 a 0 y el juez amonest\u00f3 a tres jugadores locales y a dos visitantes.<\/strong><\/p>\n<p><strong>A continuaci\u00f3n, el resto de los partidos con las correspondientes designaciones arbitrales:<\/strong><\/p>\n<p><strong>Viernes 14 de marzo<\/strong><br \/>\n17.00: Hurac\u00e1n vs. Defensa y Justicia \u2013 Mauro Vigliano<br \/>\n18.00: Almirante Brown vs. Crucero del Norte \u2013 Mariano Gonz\u00e1lez<br \/>\n21.00: Sarmiento (J) vs. San Mart\u00edn (SJ) \u2013 Ariel Penel<br \/>\n21.00: Boca Unidos vs. Douglas Haig \u2013 Carlos C\u00f3rdoba<br \/>\n21.00: Aldosivi vs. Brown de Adrogu\u00e9 \u2013 Diego Ceballos<br \/>\n21.30: Independiente (R) vs. Instituto \u2013 Mauro Giannini<br \/>\n21.30: Banfield vs. Independiente \u2013 Germ\u00e1n Delfino<br \/>\n22.00: Atl\u00e9tico Tucum\u00e1n vs. Patronato \u2013 Jorge Bali\u00f1o<\/p>\n<p><strong>S\u00e1bado 15 de marzo<\/strong><br \/>\n20.00: Talleres (C) vs. Gimnasia (J) \u2013 Ariel Su\u00e1rez<br \/>\n20.00: Uni\u00f3n (SF) vs. Sportivo Belgrano (SF) \u2013 Andr\u00e9s Merlos<\/p>\n<p><strong>Domingo 16 de marzo<\/strong><br \/>\n16.00: Villa San Carlos vs. Ferro Carril Oeste \u2013 Federico Beligoy<\/p>\n","protected":false},"excerpt":{"rendered":"<p>La Asociaci\u00f3n del F\u00fatbol Argentino dio a conocer esta tarde la n\u00f3mina de los \u00e1rbitros que se encargar\u00e1n de impartir justicia el pr\u00f3ximo fin de semana, correspondiente a la fecha 28 del Torneo de la B Nacional. El juez del encuentro entre Banfield e Independiente ser\u00e1 Germ\u00e1n Delfino, quien viene de dirigir V\u00e9lez Sarsfield y [&hellip;]<\/p>\n","protected":false},"author":19,"featured_media":41423,"comment_status":"closed","ping_status":"closed","sticky":false,"template":"","format":"standard","meta":{"_links_to":"","_links_to_target":""},"categories":[3,1],"tags":[2330,677,153,815],"_links":{"self":[{"href":"https:\/\/www.locoxelrojo.com\/independiente\/wp-json\/wp\/v2\/posts\/41422"}],"collection":[{"href":"https:\/\/www.locoxelrojo.com\/independiente\/wp-json\/wp\/v2\/posts"}],"about":[{"href":"https:\/\/www.locoxelrojo.com\/independiente\/wp-json\/wp\/v2\/types\/post"}],"author":[{"embeddable":true,"href":"https:\/\/www.locoxelrojo.com\/independiente\/wp-json\/wp\/v2\/users\/19"}],"replies":[{"embeddable":true,"href":"https:\/\/www.locoxelrojo.com\/independiente\/wp-json\/wp\/v2\/comments?post=41422"}],"version-history":[{"count":0,"href":"https:\/\/www.locoxelrojo.com\/independiente\/wp-json\/wp\/v2\/posts\/41422\/revisions"}],"wp:featuredmedia":[{"embeddable":true,"href":"https:\/\/www.locoxelrojo.com\/independiente\/wp-json\/wp\/v2\/media\/41423"}],"wp:attachment":[{"href":"https:\/\/www.locoxelrojo.com\/independiente\/wp-json\/wp\/v2\/media?parent=41422"}],"wp:term":[{"taxonomy":"category","embeddable":true,"href":"https:\/\/www.locoxelrojo.com\/independiente\/wp-json\/wp\/v2\/categories?post=41422"},{"taxonomy":"post_tag","embeddable":true,"href":"https:\/\/www.locoxelrojo.com\/independiente\/wp-json\/wp\/v2\/tags?post=41422"}],"curies":[{"name":"wp","href":"https:\/\/api.w.org\/{rel}","templated":true}]}}