{"id":41444,"date":"2014-03-12T11:39:47","date_gmt":"2014-03-12T14:39:47","guid":{"rendered":"http:\/\/www.locoxelrojo.com.ar\/independiente\/?p=41444"},"modified":"2014-03-13T03:20:42","modified_gmt":"2014-03-13T06:20:42","slug":"yeri-o-erviti-la-duda-de-almeyda","status":"publish","type":"post","link":"https:\/\/www.locoxelrojo.com\/independiente\/2014\/03\/12\/yeri-o-erviti-la-duda-de-almeyda\/","title":{"rendered":"Yeri o Erviti, la duda de Almeyda"},"content":{"rendered":"<p><strong>Banfield se entren\u00f3 este mi\u00e9rcoles por la ma\u00f1ana con la mente puesta en lo que ser\u00e1 el choque del viernes a las 21:30 ante Independiente<\/strong>, en el estadio Florencio Sola, con el arbitraje de Germ\u00e1n Delfino por la fecha 28 de la B Nacional.<\/p>\n<p>El plantel que dirige Mat\u00edas Almeyda realiz\u00f3 una pr\u00e1ctica de f\u00fatbol formal en el predio de Luis Guill\u00f3n. <strong>El entrenador prob\u00f3 al posible equipo para enfrentar al Rojo y confirm\u00f3 que Ricardo Noir ser\u00e1 el reemplazante del suspendido Andr\u00e9s Ch\u00e1vez, pero mantiene una duda en el mediocampo: Nahuel Yeri o Walter Erviti.<\/strong><\/p>\n<p>Los posibles once de Banfield para recibir a Independiente: <strong>Enrique Bologna; Gustavo Toledo, Nicol\u00e1s Bianchi Arce, Fabi\u00e1n Noguera; Nahuel Yeri o Walter Erviti, Nicol\u00e1s Domingo, Nicol\u00e1s Tagliafico; Juan Cazares; Ricardo Noir, Santiago Salcedo y Nicol\u00e1s Bertolo.<\/strong><\/p>\n<p>Por otra parte, el volante Nicol\u00e1s Tagliafico habl\u00f3 sobre el momento del equipo de Avellaneda: <strong>&#8220;Es una pena que le pase esto a Independiente. No se lo deseo a nadie. Me toc\u00f3 vivirlo hace un tiempo en Banfield. Era todo feo. Pero nosotros debemos tratar de olvidarnos de eso. Debemos salir a ganar, que es lo que necesitamos&#8221;<\/strong>.<\/p>\n<p>Nicol\u00e1s Domingo tambi\u00e9n se refiri\u00f3 al encuentro y coment\u00f3: <strong>\u201cEs un partido dif\u00edcil. Independiente es un equipo con mucha historia y, si bien viene golpeado, tiene grandes jugadores a los que no hay que darles ni un cent\u00edmetro porque te pueden sorprender en cualquier momento&#8221;<\/strong>. Adem\u00e1s, agreg\u00f3 sobre su excompa\u00f1ero Daniel Montenegro:<strong> \u201cEs un gran jugador, asistidor y con un gran remate. Al igual que Ins\u00faa, son jugadores distintos y hay que tenerlos controlados&#8221;<\/strong>.<\/p>\n","protected":false},"excerpt":{"rendered":"<p>Banfield se entren\u00f3 este mi\u00e9rcoles por la ma\u00f1ana con la mente puesta en lo que ser\u00e1 el choque del viernes a las 21:30 ante Independiente, en el estadio Florencio Sola, con el arbitraje de Germ\u00e1n Delfino por la fecha 28 de la B Nacional. El plantel que dirige Mat\u00edas Almeyda realiz\u00f3 una pr\u00e1ctica de f\u00fatbol [&hellip;]<\/p>\n","protected":false},"author":14,"featured_media":41445,"comment_status":"closed","ping_status":"closed","sticky":false,"template":"","format":"standard","meta":{"_links_to":"","_links_to_target":""},"categories":[1990,1],"tags":[2330,1843,2041],"_links":{"self":[{"href":"https:\/\/www.locoxelrojo.com\/independiente\/wp-json\/wp\/v2\/posts\/41444"}],"collection":[{"href":"https:\/\/www.locoxelrojo.com\/independiente\/wp-json\/wp\/v2\/posts"}],"about":[{"href":"https:\/\/www.locoxelrojo.com\/independiente\/wp-json\/wp\/v2\/types\/post"}],"author":[{"embeddable":true,"href":"https:\/\/www.locoxelrojo.com\/independiente\/wp-json\/wp\/v2\/users\/14"}],"replies":[{"embeddable":true,"href":"https:\/\/www.locoxelrojo.com\/independiente\/wp-json\/wp\/v2\/comments?post=41444"}],"version-history":[{"count":0,"href":"https:\/\/www.locoxelrojo.com\/independiente\/wp-json\/wp\/v2\/posts\/41444\/revisions"}],"wp:featuredmedia":[{"embeddable":true,"href":"https:\/\/www.locoxelrojo.com\/independiente\/wp-json\/wp\/v2\/media\/41445"}],"wp:attachment":[{"href":"https:\/\/www.locoxelrojo.com\/independiente\/wp-json\/wp\/v2\/media?parent=41444"}],"wp:term":[{"taxonomy":"category","embeddable":true,"href":"https:\/\/www.locoxelrojo.com\/independiente\/wp-json\/wp\/v2\/categories?post=41444"},{"taxonomy":"post_tag","embeddable":true,"href":"https:\/\/www.locoxelrojo.com\/independiente\/wp-json\/wp\/v2\/tags?post=41444"}],"curies":[{"name":"wp","href":"https:\/\/api.w.org\/{rel}","templated":true}]}}