{"id":41463,"date":"2014-03-13T15:53:44","date_gmt":"2014-03-13T18:53:44","guid":{"rendered":"http:\/\/www.locoxelrojo.com.ar\/independiente\/?p=41463"},"modified":"2014-03-13T15:53:44","modified_gmt":"2014-03-13T18:53:44","slug":"penco-vamos-a-buscar-los-tres-puntos-pero-el-empate-sirve","status":"publish","type":"post","link":"https:\/\/www.locoxelrojo.com\/independiente\/2014\/03\/13\/penco-vamos-a-buscar-los-tres-puntos-pero-el-empate-sirve\/","title":{"rendered":"Penco: &#8220;Vamos a buscar los tres puntos, pero el empate sirve&#8221;"},"content":{"rendered":"<p>En la previa del trascendental partido ante Banfield, <strong>Sebasti\u00e1n Penco se refiri\u00f3 a lo que har\u00e1 Independiente en el Florencio Sola y advirti\u00f3 que el equipo va en busca de una victoria, aunque no ven con malos ojos un empate para cortar con las derrotas consecutivas.<\/strong><\/p>\n<p><strong>&#8220;Vamos a ir a buscar los tres puntos, pero el empate puede llegar a servir para levantar el \u00e1nimo&#8221;<\/strong>, manifest\u00f3 el delantero en InfiernoRojo Radio. <strong>&#8220;Todos los equipos tienen altibajos. Lo queremos cortar lo m\u00e1s r\u00e1pido posible para que no se acerquen los de abajo&#8221;<\/strong>, agreg\u00f3 en relaci\u00f3n a la serie de malos resultados.<\/p>\n<p>Luego, se refiri\u00f3 a la nueva posibilidad que le da el t\u00e9cnico de ser titular: <strong>&#8220;Cuando me toc\u00f3 jugar, el equipo no gan\u00f3 y me da bronca, pero quiero aprovechar la chance. Mi balance fue regular. El otro d\u00eda creo que jugu\u00e9 un buen primer tiempo y despu\u00e9s ca\u00ed en el baj\u00f3n colectivo&#8221;<\/strong>.<\/p>\n<p>Para finalizar, conf\u00eda en Omar De Felippe y sus compa\u00f1eros pare revertir este mal momento: <strong>&#8220;A De Felippe lo not\u00e9 tranquilo, como nosotros. \u00c9l quiere revertir la situaci\u00f3n. No es bueno que se venitlen las cosas que pasan en los grupos, pero pasa en todos lados. Hablamos entre todos para buscarle la vuelta&#8221;<\/strong>. <\/p>\n","protected":false},"excerpt":{"rendered":"<p>En la previa del trascendental partido ante Banfield, Sebasti\u00e1n Penco se refiri\u00f3 a lo que har\u00e1 Independiente en el Florencio Sola y advirti\u00f3 que el equipo va en busca de una victoria, aunque no ven con malos ojos un empate para cortar con las derrotas consecutivas. &#8220;Vamos a ir a buscar los tres puntos, pero [&hellip;]<\/p>\n","protected":false},"author":1,"featured_media":41466,"comment_status":"closed","ping_status":"closed","sticky":false,"template":"","format":"standard","meta":{"_links_to":"","_links_to_target":""},"categories":[3,1],"tags":[702],"_links":{"self":[{"href":"https:\/\/www.locoxelrojo.com\/independiente\/wp-json\/wp\/v2\/posts\/41463"}],"collection":[{"href":"https:\/\/www.locoxelrojo.com\/independiente\/wp-json\/wp\/v2\/posts"}],"about":[{"href":"https:\/\/www.locoxelrojo.com\/independiente\/wp-json\/wp\/v2\/types\/post"}],"author":[{"embeddable":true,"href":"https:\/\/www.locoxelrojo.com\/independiente\/wp-json\/wp\/v2\/users\/1"}],"replies":[{"embeddable":true,"href":"https:\/\/www.locoxelrojo.com\/independiente\/wp-json\/wp\/v2\/comments?post=41463"}],"version-history":[{"count":0,"href":"https:\/\/www.locoxelrojo.com\/independiente\/wp-json\/wp\/v2\/posts\/41463\/revisions"}],"wp:featuredmedia":[{"embeddable":true,"href":"https:\/\/www.locoxelrojo.com\/independiente\/wp-json\/wp\/v2\/media\/41466"}],"wp:attachment":[{"href":"https:\/\/www.locoxelrojo.com\/independiente\/wp-json\/wp\/v2\/media?parent=41463"}],"wp:term":[{"taxonomy":"category","embeddable":true,"href":"https:\/\/www.locoxelrojo.com\/independiente\/wp-json\/wp\/v2\/categories?post=41463"},{"taxonomy":"post_tag","embeddable":true,"href":"https:\/\/www.locoxelrojo.com\/independiente\/wp-json\/wp\/v2\/tags?post=41463"}],"curies":[{"name":"wp","href":"https:\/\/api.w.org\/{rel}","templated":true}]}}