{"id":41469,"date":"2014-03-13T22:25:54","date_gmt":"2014-03-14T01:25:54","guid":{"rendered":"http:\/\/www.locoxelrojo.com.ar\/independiente\/?p=41469"},"modified":"2014-03-13T22:25:54","modified_gmt":"2014-03-14T01:25:54","slug":"gallego-se-que-a-independiente-lo-voy-a-volver-a-dirigir","status":"publish","type":"post","link":"https:\/\/www.locoxelrojo.com\/independiente\/2014\/03\/13\/gallego-se-que-a-independiente-lo-voy-a-volver-a-dirigir\/","title":{"rendered":"Gallego: &#8220;S\u00e9 que a Independiente lo voy a volver a dirigir&#8221;"},"content":{"rendered":"<p>Am\u00e9rico Gallego rompi\u00f3 el silencio y <strong>asegur\u00f3 que volver\u00e1 a dirigir a Independiente en el futuro. Adem\u00e1s, se refiri\u00f3 al descenso del Rojo y cont\u00f3 que Javier Cantero no le atiende el tel\u00e9fono.<\/strong><\/p>\n<p><strong>&#8220;En la despedida de Milito fue una ovaci\u00f3n terrible, me habr\u00e1n insultado dos. Me quieren con locura y yo a la gente de Independiente la amo. Los respeto, s\u00e9 como piensan y les digo que nos vamos a ver pr\u00f3ximamente. S\u00e9 que a Independiente lo voy a volver a dirigir&#8221;<\/strong>, manifest\u00f3 el Tolo en di\u00e1logo con Sportia por TyC Sports.<\/p>\n<p>Luego, hizo referencia al descenso del club: <strong>&#8220;Yo dije que conmigo Independiente no se iba al descenso, yo pens\u00e9 que ten\u00eda mucho material y que \u00edbamos a sacarlo adelante. Era la confianza que yo ten\u00eda, pero no fue as\u00ed&#8221;.<\/strong><\/p>\n<p>Por \u00faltimo, revel\u00f3 que todav\u00eda no le pagaron desde que lo despidieron y que el presidente no lo atiende. <strong>&#8220;Yo porque no lo hago p\u00fablico, pero obviamente si te echan de un trabajo te tienen que pagar y eso es lo que me est\u00e1 pasando ahora, pero conf\u00edo en Javier. Tengo una relaci\u00f3n buena, pero no me contesta los llamados&#8221;<\/strong>, cerr\u00f3.<\/p>\n<p>&nbsp;<\/p>\n","protected":false},"excerpt":{"rendered":"<p>Am\u00e9rico Gallego rompi\u00f3 el silencio y asegur\u00f3 que volver\u00e1 a dirigir a Independiente en el futuro. Adem\u00e1s, se refiri\u00f3 al descenso del Rojo y cont\u00f3 que Javier Cantero no le atiende el tel\u00e9fono. &#8220;En la despedida de Milito fue una ovaci\u00f3n terrible, me habr\u00e1n insultado dos. Me quieren con locura y yo a la gente [&hellip;]<\/p>\n","protected":false},"author":11,"featured_media":41470,"comment_status":"closed","ping_status":"closed","sticky":false,"template":"","format":"standard","meta":{"_links_to":"","_links_to_target":""},"categories":[4,1],"tags":[1837,153,723],"_links":{"self":[{"href":"https:\/\/www.locoxelrojo.com\/independiente\/wp-json\/wp\/v2\/posts\/41469"}],"collection":[{"href":"https:\/\/www.locoxelrojo.com\/independiente\/wp-json\/wp\/v2\/posts"}],"about":[{"href":"https:\/\/www.locoxelrojo.com\/independiente\/wp-json\/wp\/v2\/types\/post"}],"author":[{"embeddable":true,"href":"https:\/\/www.locoxelrojo.com\/independiente\/wp-json\/wp\/v2\/users\/11"}],"replies":[{"embeddable":true,"href":"https:\/\/www.locoxelrojo.com\/independiente\/wp-json\/wp\/v2\/comments?post=41469"}],"version-history":[{"count":0,"href":"https:\/\/www.locoxelrojo.com\/independiente\/wp-json\/wp\/v2\/posts\/41469\/revisions"}],"wp:featuredmedia":[{"embeddable":true,"href":"https:\/\/www.locoxelrojo.com\/independiente\/wp-json\/wp\/v2\/media\/41470"}],"wp:attachment":[{"href":"https:\/\/www.locoxelrojo.com\/independiente\/wp-json\/wp\/v2\/media?parent=41469"}],"wp:term":[{"taxonomy":"category","embeddable":true,"href":"https:\/\/www.locoxelrojo.com\/independiente\/wp-json\/wp\/v2\/categories?post=41469"},{"taxonomy":"post_tag","embeddable":true,"href":"https:\/\/www.locoxelrojo.com\/independiente\/wp-json\/wp\/v2\/tags?post=41469"}],"curies":[{"name":"wp","href":"https:\/\/api.w.org\/{rel}","templated":true}]}}