{"id":4161,"date":"2011-01-21T13:40:29","date_gmt":"2011-01-21T15:40:29","guid":{"rendered":"http:\/\/www.locoxelrojo.com.ar\/independiente\/?p=4161"},"modified":"2011-01-21T13:45:58","modified_gmt":"2011-01-21T15:45:58","slug":"ultima-practica-con-futbol-en-mar-del-plata-pellerano-fue-titular","status":"publish","type":"post","link":"https:\/\/www.locoxelrojo.com\/independiente\/2011\/01\/21\/ultima-practica-con-futbol-en-mar-del-plata-pellerano-fue-titular\/","title":{"rendered":"\u00daltima pr\u00e1ctica con f\u00fatbol en Mar del Plata: Pellerano fue titular"},"content":{"rendered":"<p><a href=\"http:\/\/www.locoxelrojo.com.ar\/independiente\/wp-content\/uploads\/2011\/01\/pellerano.jpg\"><img loading=\"lazy\" class=\"alignnone size-full wp-image-4162\" title=\"pellerano\" src=\"http:\/\/www.locoxelrojo.com.ar\/independiente\/wp-content\/uploads\/2011\/01\/pellerano.jpg\" alt=\"\" width=\"550\" height=\"315\" srcset=\"https:\/\/locoxelrojo.com\/independiente\/wp-content\/uploads\/2011\/01\/pellerano.jpg 550w, https:\/\/locoxelrojo.com\/independiente\/wp-content\/uploads\/2011\/01\/pellerano-300x171.jpg 300w\" sizes=\"(max-width: 550px) 100vw, 550px\" \/><\/a><\/p>\n<p>Se termin\u00f3 la pretemporada en Mar del Plata. Hoy finalizaron los entrenamientos en la Ciudad Feliz y luego del almuerzo el Plantel Profesional vuelve a Buenos Aires.<\/p>\n<p>En la \u00faltima pr\u00e1ctica en Villa Marista, Mohamed decidi\u00f3 hacer f\u00fatbol Titulares Vs Suplentes. El encuentro finaliz\u00f3 0 a 0 y la novedad pas\u00f3 por ver a Pellerano compartiendo el doble cinco con Roberto Batti\u00f3n. Es que Fredes, con una fisura en el dedo gordo del pie derecho, no va a poder estar en cancha el martes frente a Deportivo Quito y el Turco prueba variantes.<\/p>\n<p>Otro que tampoco participo del equipo titular fue Eduardo Tuzzio quien permaneci\u00f3 en el Hotel. Su lugar lo ocup\u00f3 Maxi Vel\u00e1zquez, quien ven\u00eda jugando de carrilero por izquierda, posici\u00f3n que hoy ocup\u00f3 Lucas Mareque.<\/p>\n<p>Los titulares formaron con: Hilario Navarro; J. Vel\u00e1zquez, C. Matheu, M. Vel\u00e1zquez; N. Cabrera, R. Batti\u00f3n, C. Pellerano, L. Mareque; M. Defederico; F. Parra y A. Silvera. Luego ingres\u00f3 I. V\u00e9lez y se retir\u00f3 N. Cabrera.<\/p>\n<p>Para los suplentes jugaron: F. Assmann; I. V\u00e9lez, J. B\u00e1ez, I. Barcia, L. Kruspzky; F. Godoy, N. Delmonte, I. P\u00e9rez; L. Graci\u00e1n; P. Rodr\u00edguez y B. Nieva.<\/p>\n<p>Seg\u00fan el medio partidario <strong>MasRojo<\/strong>, qui\u00e9n hizo una gran cobertura v\u00eda Twitter de toda esta pretemporada en Mar del Plata, el rendimiento de Pellerano como doble cinco fue bueno, por lo que se perfila para ser titular el d\u00eda martes por la noche cuando Independiente reciba al Deportivo Quito en el Libertadores de Am\u00e9rica.<\/p>\n","protected":false},"excerpt":{"rendered":"<p>Se termin\u00f3 la pretemporada en Mar del Plata. Hoy finalizaron los entrenamientos en la Ciudad Feliz y luego del almuerzo el Plantel Profesional vuelve a Buenos Aires. En la \u00faltima pr\u00e1ctica en Villa Marista, Mohamed decidi\u00f3 hacer f\u00fatbol Titulares Vs Suplentes. El encuentro finaliz\u00f3 0 a 0 y la novedad pas\u00f3 por ver a Pellerano [&hellip;]<\/p>\n","protected":false},"author":1,"featured_media":0,"comment_status":"open","ping_status":"open","sticky":false,"template":"","format":"standard","meta":{"_links_to":"","_links_to_target":""},"categories":[494,3,1],"tags":[115,153,364,163,285,135,354,31],"_links":{"self":[{"href":"https:\/\/www.locoxelrojo.com\/independiente\/wp-json\/wp\/v2\/posts\/4161"}],"collection":[{"href":"https:\/\/www.locoxelrojo.com\/independiente\/wp-json\/wp\/v2\/posts"}],"about":[{"href":"https:\/\/www.locoxelrojo.com\/independiente\/wp-json\/wp\/v2\/types\/post"}],"author":[{"embeddable":true,"href":"https:\/\/www.locoxelrojo.com\/independiente\/wp-json\/wp\/v2\/users\/1"}],"replies":[{"embeddable":true,"href":"https:\/\/www.locoxelrojo.com\/independiente\/wp-json\/wp\/v2\/comments?post=4161"}],"version-history":[{"count":0,"href":"https:\/\/www.locoxelrojo.com\/independiente\/wp-json\/wp\/v2\/posts\/4161\/revisions"}],"wp:attachment":[{"href":"https:\/\/www.locoxelrojo.com\/independiente\/wp-json\/wp\/v2\/media?parent=4161"}],"wp:term":[{"taxonomy":"category","embeddable":true,"href":"https:\/\/www.locoxelrojo.com\/independiente\/wp-json\/wp\/v2\/categories?post=4161"},{"taxonomy":"post_tag","embeddable":true,"href":"https:\/\/www.locoxelrojo.com\/independiente\/wp-json\/wp\/v2\/tags?post=4161"}],"curies":[{"name":"wp","href":"https:\/\/api.w.org\/{rel}","templated":true}]}}