{"id":41631,"date":"2014-03-17T15:41:24","date_gmt":"2014-03-17T18:41:24","guid":{"rendered":"http:\/\/www.locoxelrojo.com.ar\/independiente\/?p=41631"},"modified":"2014-03-17T15:41:24","modified_gmt":"2014-03-17T18:41:24","slug":"de-felippe-espero-que-comience-la-senda-de-triunfos","status":"publish","type":"post","link":"https:\/\/www.locoxelrojo.com\/independiente\/2014\/03\/17\/de-felippe-espero-que-comience-la-senda-de-triunfos\/","title":{"rendered":"De Felippe: &#8220;Espero que comience la senda de triunfos&#8221;"},"content":{"rendered":"<p>Omar De Felippe <strong>dese\u00f3 que el empate con Banfield haya dado pie al comienzo de una senda de triunfos. Adem\u00e1s, se refiri\u00f3 al juego de Villa San Carlos y adelant\u00f3 que Mat\u00edas Pisano y Facundo Parra volver\u00e1n al equipo titular.<\/strong><\/p>\n<p><strong>&#8220;Espero que el resultado del otro d\u00eda haya sido el comienzo para empezar la senda de triunfos&#8221;<\/strong>, manifest\u00f3 el entrenador en rueda de prensa.<\/p>\n<p>Luego, hizo referencia a los planteos que hacen los rivales en Avellaneda: <strong>&#8220;Es responsabilidad nuestra encontrarle la vuelta a los planteos que nos hacen de local.\u00a0Nos ha costado ultimamente de local y Villa San Carlos no va a ser un rival f\u00e1cil.\u00a0Tenemos que estar preparados para todo&#8221;. <\/strong>Y a\u00f1adi\u00f3: <strong>&#8220;Probablemente vuelvan Parra y Pisano&#8221;.<\/strong><\/p>\n<p>Por \u00faltimo, se mostr\u00f3 en desacuerdo con las cr\u00edticas a jugadores puntuales a causa del empate con Banfield. <strong>&#8220;No se gana o se pierde por uno o dos jugadores. Esto es un equipo&#8221;<\/strong>, cerr\u00f3.<\/p>\n","protected":false},"excerpt":{"rendered":"<p>Omar De Felippe dese\u00f3 que el empate con Banfield haya dado pie al comienzo de una senda de triunfos. Adem\u00e1s, se refiri\u00f3 al juego de Villa San Carlos y adelant\u00f3 que Mat\u00edas Pisano y Facundo Parra volver\u00e1n al equipo titular. &#8220;Espero que el resultado del otro d\u00eda haya sido el comienzo para empezar la senda [&hellip;]<\/p>\n","protected":false},"author":11,"featured_media":41637,"comment_status":"closed","ping_status":"closed","sticky":false,"template":"","format":"standard","meta":{"_links_to":"","_links_to_target":""},"categories":[3,1],"tags":[2032,2316],"_links":{"self":[{"href":"https:\/\/www.locoxelrojo.com\/independiente\/wp-json\/wp\/v2\/posts\/41631"}],"collection":[{"href":"https:\/\/www.locoxelrojo.com\/independiente\/wp-json\/wp\/v2\/posts"}],"about":[{"href":"https:\/\/www.locoxelrojo.com\/independiente\/wp-json\/wp\/v2\/types\/post"}],"author":[{"embeddable":true,"href":"https:\/\/www.locoxelrojo.com\/independiente\/wp-json\/wp\/v2\/users\/11"}],"replies":[{"embeddable":true,"href":"https:\/\/www.locoxelrojo.com\/independiente\/wp-json\/wp\/v2\/comments?post=41631"}],"version-history":[{"count":0,"href":"https:\/\/www.locoxelrojo.com\/independiente\/wp-json\/wp\/v2\/posts\/41631\/revisions"}],"wp:featuredmedia":[{"embeddable":true,"href":"https:\/\/www.locoxelrojo.com\/independiente\/wp-json\/wp\/v2\/media\/41637"}],"wp:attachment":[{"href":"https:\/\/www.locoxelrojo.com\/independiente\/wp-json\/wp\/v2\/media?parent=41631"}],"wp:term":[{"taxonomy":"category","embeddable":true,"href":"https:\/\/www.locoxelrojo.com\/independiente\/wp-json\/wp\/v2\/categories?post=41631"},{"taxonomy":"post_tag","embeddable":true,"href":"https:\/\/www.locoxelrojo.com\/independiente\/wp-json\/wp\/v2\/tags?post=41631"}],"curies":[{"name":"wp","href":"https:\/\/api.w.org\/{rel}","templated":true}]}}