{"id":41652,"date":"2014-03-18T15:05:45","date_gmt":"2014-03-18T18:05:45","guid":{"rendered":"http:\/\/www.locoxelrojo.com.ar\/independiente\/?p=41652"},"modified":"2014-03-18T15:05:45","modified_gmt":"2014-03-18T18:05:45","slug":"equipo-confirmado-con-dos-cambios","status":"publish","type":"post","link":"https:\/\/www.locoxelrojo.com\/independiente\/2014\/03\/18\/equipo-confirmado-con-dos-cambios\/","title":{"rendered":"Equipo confirmado con dos cambios"},"content":{"rendered":"<p>El plantel de Independiente se entren\u00f3 esta ma\u00f1ana en el Libertadores de Am\u00e9rica y <strong>Omar De Felippe defini\u00f3 a los 11 titulares que recibir\u00e1n a Villa San Carlos. Habr\u00e1 dos cambios respecto del empate ante Banfield.<\/strong><\/p>\n<p>Falta un d\u00eda para jugar frente al \u00faltimo de la tabla y el entrenador ya tiene el equipo en mente. <strong>Por eso, esta ma\u00f1ana dispuso f\u00fatbol formal en el Libertadores de Am\u00e9rica y De Felippe puso a Facundo Parra y Mat\u00edas Pisano por Sebasti\u00e1n Penco y Hern\u00e1n Fredes.<\/strong><\/p>\n<p>De esta forma, los 11 de Independiente ser\u00e1n:\u00a0<strong>Diego Rodr\u00edguez; Gabriel Vall\u00e9s, Cristian Tula, Juli\u00e1n Vel\u00e1zquez, Lucas Villalba; Mart\u00edn Zapata, Marcelo Vidal, Federico Mancuello; Daniel Montenegro, Mat\u00edas Pisano; Facundo Parra<\/strong>.<\/p>\n","protected":false},"excerpt":{"rendered":"<p>El plantel de Independiente se entren\u00f3 esta ma\u00f1ana en el Libertadores de Am\u00e9rica y Omar De Felippe defini\u00f3 a los 11 titulares que recibir\u00e1n a Villa San Carlos. Habr\u00e1 dos cambios respecto del empate ante Banfield. Falta un d\u00eda para jugar frente al \u00faltimo de la tabla y el entrenador ya tiene el equipo en [&hellip;]<\/p>\n","protected":false},"author":11,"featured_media":41653,"comment_status":"closed","ping_status":"closed","sticky":false,"template":"","format":"standard","meta":{"_links_to":"","_links_to_target":""},"categories":[3,1],"tags":[153,26,118,2032],"_links":{"self":[{"href":"https:\/\/www.locoxelrojo.com\/independiente\/wp-json\/wp\/v2\/posts\/41652"}],"collection":[{"href":"https:\/\/www.locoxelrojo.com\/independiente\/wp-json\/wp\/v2\/posts"}],"about":[{"href":"https:\/\/www.locoxelrojo.com\/independiente\/wp-json\/wp\/v2\/types\/post"}],"author":[{"embeddable":true,"href":"https:\/\/www.locoxelrojo.com\/independiente\/wp-json\/wp\/v2\/users\/11"}],"replies":[{"embeddable":true,"href":"https:\/\/www.locoxelrojo.com\/independiente\/wp-json\/wp\/v2\/comments?post=41652"}],"version-history":[{"count":0,"href":"https:\/\/www.locoxelrojo.com\/independiente\/wp-json\/wp\/v2\/posts\/41652\/revisions"}],"wp:featuredmedia":[{"embeddable":true,"href":"https:\/\/www.locoxelrojo.com\/independiente\/wp-json\/wp\/v2\/media\/41653"}],"wp:attachment":[{"href":"https:\/\/www.locoxelrojo.com\/independiente\/wp-json\/wp\/v2\/media?parent=41652"}],"wp:term":[{"taxonomy":"category","embeddable":true,"href":"https:\/\/www.locoxelrojo.com\/independiente\/wp-json\/wp\/v2\/categories?post=41652"},{"taxonomy":"post_tag","embeddable":true,"href":"https:\/\/www.locoxelrojo.com\/independiente\/wp-json\/wp\/v2\/tags?post=41652"}],"curies":[{"name":"wp","href":"https:\/\/api.w.org\/{rel}","templated":true}]}}