{"id":4173,"date":"2011-01-21T15:00:19","date_gmt":"2011-01-21T17:00:19","guid":{"rendered":"http:\/\/www.locoxelrojo.com.ar\/independiente\/?p=4173"},"modified":"2015-09-09T16:27:50","modified_gmt":"2015-09-09T19:27:50","slug":"gabbarini-voy-a-pelear-el-puesto-como-lo-hice-siempre","status":"publish","type":"post","link":"https:\/\/www.locoxelrojo.com\/independiente\/2011\/01\/21\/gabbarini-voy-a-pelear-el-puesto-como-lo-hice-siempre\/","title":{"rendered":"Gabbarini: &#8220;Voy a pelear el puesto como lo hice siempre&#8221;"},"content":{"rendered":"<p><a href=\"http:\/\/www.locoxelrojo.com.ar\/independiente\/wp-content\/uploads\/2011\/01\/hilario_gabbarini.jpg\"><img loading=\"lazy\" class=\"alignnone size-full wp-image-4174\" title=\"hilario_gabbarini\" src=\"http:\/\/www.locoxelrojo.com.ar\/independiente\/wp-content\/uploads\/2011\/01\/hilario_gabbarini.jpg\" alt=\"\" width=\"550\" height=\"315\" srcset=\"https:\/\/locoxelrojo.com\/independiente\/wp-content\/uploads\/2011\/01\/hilario_gabbarini.jpg 550w, https:\/\/locoxelrojo.com\/independiente\/wp-content\/uploads\/2011\/01\/hilario_gabbarini-300x171.jpg 300w\" sizes=\"(max-width: 550px) 100vw, 550px\" \/><\/a><\/p>\n<p>El arquero dialog\u00f3 con <em>Un Buen Momento <\/em>por Radio La Red y manifest\u00f3 que tiene ganas de quedarse en el club porque habr\u00e1 mucha competencia. Asegur\u00f3 que pelear\u00e1 un puesto y agreg\u00f3 que el partido con Aldosivi no se tendr\u00eda que haber jugado, tal como hab\u00eda declarado Antonio Mohamed.<\/p>\n<p>Ante la pol\u00e9mica que lo vinculaba a Boca, Gabbarini dijo:<strong> \u201cSe habl\u00f3 mucho sobre la posibilidad de pasar a otro lado y por eso prefer\u00ed no hablar. En ning\u00fan momento me desesper\u00e9 o habl\u00e9 con los dirigentes para irme. Estoy muy contento de seguir ac\u00e1\u201d<\/strong>. El arquero suplente para Antonio Mohamed est\u00e1 convencido de que le va a pelear a Hilario Navarro.<strong> \u201cAhora le toca atajar a Hilario y voy a pelear el puesto como lo hice siempre\u201d<\/strong>, enfatiz\u00f3.<\/p>\n<p>Gabbarini tambi\u00e9n se refiri\u00f3 a la dura derrota frente a Aldosivi. <strong>\u201cEllos se jugaron la vida y nosotros no estuvimos al cien por ciento porque el martes tenemos un partido muy importante contra Deportivo Quito. Hubiese sido mejor no jugar, el Turco (Antonio Mohamed) lo reconoci\u00f3. Repercute en todos lados que perdimos\u201d<\/strong>, reproch\u00f3.<\/p>\n<p>Para cerrar, el arquero aclar\u00f3 que nunca pens\u00f3 en irse de Independiente. <strong>\u201cPese a las ofertas de afuera, decid\u00ed seguir ac\u00e1 porque ser\u00e1 un a\u00f1o muy importante para Independiente, con mucha competencia<\/strong>\u201d, concluy\u00f3.<\/p>\n","protected":false},"excerpt":{"rendered":"<p>El arquero dialog\u00f3 con Un Buen Momento por Radio La Red y manifest\u00f3 que tiene ganas de quedarse en el club porque habr\u00e1 mucha competencia. Asegur\u00f3 que pelear\u00e1 un puesto y agreg\u00f3 que el partido con Aldosivi no se tendr\u00eda que haber jugado, tal como hab\u00eda declarado Antonio Mohamed. Ante la pol\u00e9mica que lo vinculaba [&hellip;]<\/p>\n","protected":false},"author":1,"featured_media":0,"comment_status":"open","ping_status":"open","sticky":false,"template":"","format":"standard","meta":{"_links_to":"","_links_to_target":""},"categories":[3,1],"tags":[77,153,76],"_links":{"self":[{"href":"https:\/\/www.locoxelrojo.com\/independiente\/wp-json\/wp\/v2\/posts\/4173"}],"collection":[{"href":"https:\/\/www.locoxelrojo.com\/independiente\/wp-json\/wp\/v2\/posts"}],"about":[{"href":"https:\/\/www.locoxelrojo.com\/independiente\/wp-json\/wp\/v2\/types\/post"}],"author":[{"embeddable":true,"href":"https:\/\/www.locoxelrojo.com\/independiente\/wp-json\/wp\/v2\/users\/1"}],"replies":[{"embeddable":true,"href":"https:\/\/www.locoxelrojo.com\/independiente\/wp-json\/wp\/v2\/comments?post=4173"}],"version-history":[{"count":0,"href":"https:\/\/www.locoxelrojo.com\/independiente\/wp-json\/wp\/v2\/posts\/4173\/revisions"}],"wp:attachment":[{"href":"https:\/\/www.locoxelrojo.com\/independiente\/wp-json\/wp\/v2\/media?parent=4173"}],"wp:term":[{"taxonomy":"category","embeddable":true,"href":"https:\/\/www.locoxelrojo.com\/independiente\/wp-json\/wp\/v2\/categories?post=4173"},{"taxonomy":"post_tag","embeddable":true,"href":"https:\/\/www.locoxelrojo.com\/independiente\/wp-json\/wp\/v2\/tags?post=4173"}],"curies":[{"name":"wp","href":"https:\/\/api.w.org\/{rel}","templated":true}]}}