{"id":41995,"date":"2014-03-26T13:27:30","date_gmt":"2014-03-26T16:27:30","guid":{"rendered":"http:\/\/www.locoxelrojo.com.ar\/independiente\/?p=41995"},"modified":"2014-03-26T13:40:45","modified_gmt":"2014-03-26T16:40:45","slug":"y-ahora","status":"publish","type":"post","link":"https:\/\/www.locoxelrojo.com\/independiente\/2014\/03\/26\/y-ahora\/","title":{"rendered":"\u00bfY ahora?"},"content":{"rendered":"<p><strong>Las \u00faltimas horas en Independiente fueron intensas. Renuncia de Javier Cantero v\u00eda e-mail, arrepentimiento, pedido de sus pares para que de un paso al costado, confirmaci\u00f3n del cargo y ahora, reuni\u00f3n con las diferentes agrupaciones pol\u00edticas.<\/strong><\/p>\n<p>En la madrugada del martes, luego de la dura derrota con Sarmiento, se conoci\u00f3 la renuncia de Cantero a su cargo como presidente. <strong>En una charla con Omar De Felippe, fue el pope del Rojo el que en el vestuario le comunic\u00f3 al entrenador que dar\u00eda un paso al costado. Por eso todo el mundo se fue en silencio y la delegaci\u00f3n volvi\u00f3 inmediatamente para Buenos Aires, cuando estaba previsto pasar la noche en Jun\u00edn.<\/strong><\/p>\n<p>Seg\u00fan dio a conocer el medio partidario 100% Independiente, <strong>Cantero le envi\u00f3 un e-mail a varios dirigentes en la ma\u00f1ana del mi\u00e9rcoles, cu\u00e1ndo las tapas de los principales medios y portales anunciaban su renuncia:<\/strong><\/p>\n<blockquote><p>&#8220;<em><strong>ESTA MUY CLARO QUE LOS JUGADORES ME ESTAN HACIENDO UNA CAMA.<\/strong><\/em><\/p>\n<p><em><strong>SI QUEREMOS QUE INDEPENDIENTE ESTE EN PRIMERA EN JUNIO YO ME TENGO QUE IR, AHORA VOY A HABLAR CON EL DT.<\/strong><\/em><\/p>\n<p><em><strong>POR SUPUESTO QUE USTEDES YA SABEN QUE ESTOY A MUERTE CON LO QUE ESTAMOS HACIENDO, PERO ESTE AMBIENTE ESTA CLARO QUE NO ES PARA MI<\/strong><\/em><\/p>\n<p><em><strong>ES FUNDAMENTAL QUE EL TECNICO SIGA, TODAVIA NO VOY A DECIR NADA PREPAREMOS BIEN COMO LO HACEMOS&#8221;<\/strong><\/em><\/p><\/blockquote>\n<p>Luego,<strong> fue el propio Cantero el que le desminti\u00f3 v\u00eda mensaje de texto la noticia a varios periodistas<\/strong>. La Comisi\u00f3n Directiva convoc\u00f3 a una reuni\u00f3n, que se cambi\u00f3 de lugar tres veces y termin\u00f3 llev\u00e1ndose a cabo en el barrio de San Telmo. Ah\u00ed, <strong>fueron cuatro dirigentes los que le exigieron al presidente que de un paso al costado: Pedro Larralde, Dar\u00edo Eichenblat, Mariano Rodr\u00edguez y Eduardo Villalba.<\/strong><\/p>\n<p>Tras finalizar la reuni\u00f3n, <strong>el vocal <a href=\"http:\/\/www.locoxelrojo.com.ar\/independiente\/2014\/03\/25\/siciliano-hasta-ahora-javier-cantero-sigue\/\">Daniel Siciliano<\/a> hizo las veces de vocero y le inform\u00f3 a la prensa la continuidad de Cantero y la Comisi\u00f3n Directiva<\/strong>. Adem\u00e1s, <strong>cont\u00f3 que este mi\u00e9rcoles por la tarde se van a estar juntando en el club con siete u ocho personalidades importantes de la pol\u00edtica de Independiente.<\/strong> \u00bfQu\u00e9 pasar\u00e1?<\/p>\n","protected":false},"excerpt":{"rendered":"<p>Las \u00faltimas horas en Independiente fueron intensas. Renuncia de Javier Cantero v\u00eda e-mail, arrepentimiento, pedido de sus pares para que de un paso al costado, confirmaci\u00f3n del cargo y ahora, reuni\u00f3n con las diferentes agrupaciones pol\u00edticas. En la madrugada del martes, luego de la dura derrota con Sarmiento, se conoci\u00f3 la renuncia de Cantero a [&hellip;]<\/p>\n","protected":false},"author":1,"featured_media":39664,"comment_status":"closed","ping_status":"closed","sticky":false,"template":"","format":"standard","meta":{"_links_to":"","_links_to_target":""},"categories":[4,1],"tags":[153,1198,1178,2390,723,1177],"_links":{"self":[{"href":"https:\/\/www.locoxelrojo.com\/independiente\/wp-json\/wp\/v2\/posts\/41995"}],"collection":[{"href":"https:\/\/www.locoxelrojo.com\/independiente\/wp-json\/wp\/v2\/posts"}],"about":[{"href":"https:\/\/www.locoxelrojo.com\/independiente\/wp-json\/wp\/v2\/types\/post"}],"author":[{"embeddable":true,"href":"https:\/\/www.locoxelrojo.com\/independiente\/wp-json\/wp\/v2\/users\/1"}],"replies":[{"embeddable":true,"href":"https:\/\/www.locoxelrojo.com\/independiente\/wp-json\/wp\/v2\/comments?post=41995"}],"version-history":[{"count":0,"href":"https:\/\/www.locoxelrojo.com\/independiente\/wp-json\/wp\/v2\/posts\/41995\/revisions"}],"wp:featuredmedia":[{"embeddable":true,"href":"https:\/\/www.locoxelrojo.com\/independiente\/wp-json\/wp\/v2\/media\/39664"}],"wp:attachment":[{"href":"https:\/\/www.locoxelrojo.com\/independiente\/wp-json\/wp\/v2\/media?parent=41995"}],"wp:term":[{"taxonomy":"category","embeddable":true,"href":"https:\/\/www.locoxelrojo.com\/independiente\/wp-json\/wp\/v2\/categories?post=41995"},{"taxonomy":"post_tag","embeddable":true,"href":"https:\/\/www.locoxelrojo.com\/independiente\/wp-json\/wp\/v2\/tags?post=41995"}],"curies":[{"name":"wp","href":"https:\/\/api.w.org\/{rel}","templated":true}]}}