{"id":42026,"date":"2014-03-26T23:27:00","date_gmt":"2014-03-27T02:27:00","guid":{"rendered":"http:\/\/www.locoxelrojo.com.ar\/independiente\/?p=42026"},"modified":"2014-03-27T01:53:04","modified_gmt":"2014-03-27T04:53:04","slug":"cantero-sigo-hay-un-mandato-por-cumplir","status":"publish","type":"post","link":"https:\/\/www.locoxelrojo.com\/independiente\/2014\/03\/26\/cantero-sigo-hay-un-mandato-por-cumplir\/","title":{"rendered":"Cantero: &#8220;Sigo, hay un mandato por cumplir&#8221;"},"content":{"rendered":"<p>Javier Cantero <strong>asegur\u00f3 que seguir\u00e1 en su mandato luego de la reuni\u00f3n con gente de la oposici\u00f3n. Adem\u00e1s, se mostr\u00f3 molesto con el mail que sali\u00f3 a la luz y remarc\u00f3 que pretende uni\u00f3n con los opositores hasta el final del torneo, con ascenso inclu\u00eddo.<\/strong><\/p>\n<p><strong>&#8220;Hicimos un diagn\u00f3stico y realizamos propuestas para salir de esta situaci\u00f3n. Despu\u00e9s en lo deportivo, cuando la pelota rueda nosotros estamos afuera. Queremos que lo que pase adentro de la cancha sea una consecuencia de lo que pasa afuera.\u00a0<\/strong><strong>Queremos estar unidos de ac\u00e1 hasta el final de campeonato&#8221;, <\/strong>manifest\u00f3 el presidente en rueda de prensa.<\/p>\n<p>Adem\u00e1s, asegur\u00f3 que seguir\u00e1 en el cargo y se mostr\u00f3 molesto por el mail que sali\u00f3 a la luz:<strong> &#8220;Sigo, hay un mandato que cumplir. Se corri\u00f3 la noticia que hab\u00eda renunciado pero no es as\u00ed.\u00a0<\/strong><strong>No voy a caer en la tonter\u00eda de que periodistas lean mails y a partir de all\u00ed se saquen conclusiones. No estoy de acuerdo con lo que hicieron&#8221;.<\/strong><\/p>\n<p><strong>&#8220;Le debemos dos meses al plantel, los premios de los torneos de verano. No podemos estar d\u00e9biles. No tengo problemas con ellos, siempre les habl\u00e9 de frente. No creo que est\u00e9n molestos&#8221;,\u00a0<\/strong>expres\u00f3 en relaci\u00f3n al plantel.<\/p>\n<p>Por \u00faltimo, asever\u00f3 que se arrepiente de algunas cosas, aunque se mostr\u00f3 convencido de que su gesti\u00f3n tuvo puntos positivos.<strong> &#8220;De mi mandato me arrepiento de muchas cosas porque uno comete errores todos los d\u00edas. Llevamos 2 a\u00f1os y pico de gesti\u00f3n e hicimos cosas malas y tuvimos tambi\u00e9n muchos aciertos&#8221;, <\/strong>concluy\u00f3.<\/p>\n","protected":false},"excerpt":{"rendered":"<p>Javier Cantero asegur\u00f3 que seguir\u00e1 en su mandato luego de la reuni\u00f3n con gente de la oposici\u00f3n. Adem\u00e1s, se mostr\u00f3 molesto con el mail que sali\u00f3 a la luz y remarc\u00f3 que pretende uni\u00f3n con los opositores hasta el final del torneo, con ascenso inclu\u00eddo. &#8220;Hicimos un diagn\u00f3stico y realizamos propuestas para salir de esta [&hellip;]<\/p>\n","protected":false},"author":11,"featured_media":42028,"comment_status":"closed","ping_status":"closed","sticky":false,"template":"","format":"standard","meta":{"_links_to":"","_links_to_target":""},"categories":[4,1],"tags":[723],"_links":{"self":[{"href":"https:\/\/www.locoxelrojo.com\/independiente\/wp-json\/wp\/v2\/posts\/42026"}],"collection":[{"href":"https:\/\/www.locoxelrojo.com\/independiente\/wp-json\/wp\/v2\/posts"}],"about":[{"href":"https:\/\/www.locoxelrojo.com\/independiente\/wp-json\/wp\/v2\/types\/post"}],"author":[{"embeddable":true,"href":"https:\/\/www.locoxelrojo.com\/independiente\/wp-json\/wp\/v2\/users\/11"}],"replies":[{"embeddable":true,"href":"https:\/\/www.locoxelrojo.com\/independiente\/wp-json\/wp\/v2\/comments?post=42026"}],"version-history":[{"count":0,"href":"https:\/\/www.locoxelrojo.com\/independiente\/wp-json\/wp\/v2\/posts\/42026\/revisions"}],"wp:featuredmedia":[{"embeddable":true,"href":"https:\/\/www.locoxelrojo.com\/independiente\/wp-json\/wp\/v2\/media\/42028"}],"wp:attachment":[{"href":"https:\/\/www.locoxelrojo.com\/independiente\/wp-json\/wp\/v2\/media?parent=42026"}],"wp:term":[{"taxonomy":"category","embeddable":true,"href":"https:\/\/www.locoxelrojo.com\/independiente\/wp-json\/wp\/v2\/categories?post=42026"},{"taxonomy":"post_tag","embeddable":true,"href":"https:\/\/www.locoxelrojo.com\/independiente\/wp-json\/wp\/v2\/tags?post=42026"}],"curies":[{"name":"wp","href":"https:\/\/api.w.org\/{rel}","templated":true}]}}