{"id":42043,"date":"2014-03-27T14:14:18","date_gmt":"2014-03-27T17:14:18","guid":{"rendered":"http:\/\/www.locoxelrojo.com.ar\/independiente\/?p=42043"},"modified":"2015-10-14T23:23:01","modified_gmt":"2015-10-15T02:23:01","slug":"concentrados-vs-talleres-2","status":"publish","type":"post","link":"https:\/\/www.locoxelrojo.com\/independiente\/2014\/03\/27\/concentrados-vs-talleres-2\/","title":{"rendered":"Concentrados vs. Talleres"},"content":{"rendered":"<p>Omar De Felippe dio a conocer la lista de concentrados para recibir a Talleres el s\u00e1bado a las 17 en el Libertadores de Am\u00e9rica y <strong>sorprendi\u00f3 la ausencia de Claudio Morel Rodr\u00edguez tras la lesi\u00f3n de Juli\u00e1n Vel\u00e1zquez y la suspensi\u00f3n de Cristian Tula.<\/strong><\/p>\n<p>Se viene un encuentro clave frente al equipo cordob\u00e9s y el t\u00e9cnico<strong> decidi\u00f3 concentrar a Sergio Ojeda y a Jorge Figal. El paraguayo Morel Rodr\u00edguez no fue tenido en cuenta ni siquiera para este partido. Al menos, sorprende.<\/strong><\/p>\n<p><span style=\"text-decoration: underline;\"><strong>La lista<\/strong><\/span><\/p>\n<p><strong>Arqueros:<\/strong> Diego Rodr\u00edguez y Fabi\u00e1n Assmann.<\/p>\n<p><strong>Defensores:<\/strong> Gabriel Vall\u00e9s, Samuel C\u00e1ceres, Sergio Ojeda, Jorge Figal y Lucas Villalba.<\/p>\n<p><strong>Volantes:<\/strong> Mart\u00edn Zapata, Hern\u00e1n Fredes, Marcelo Vidal, Franco Bellocq, Federico Mancuello, Fabi\u00e1n Monserrat, Daniel Montenegro, Federico Ins\u00faa y Mat\u00edas Pisano.<\/p>\n<p><strong>Delanteros:<\/strong> Facundo Parra, Cristian Men\u00e9ndez y Francisco Pizzini.<\/p>\n","protected":false},"excerpt":{"rendered":"<p>Omar De Felippe dio a conocer la lista de concentrados para recibir a Talleres el s\u00e1bado a las 17 en el Libertadores de Am\u00e9rica y sorprendi\u00f3 la ausencia de Claudio Morel Rodr\u00edguez tras la lesi\u00f3n de Juli\u00e1n Vel\u00e1zquez y la suspensi\u00f3n de Cristian Tula. Se viene un encuentro clave frente al equipo cordob\u00e9s y el [&hellip;]<\/p>\n","protected":false},"author":11,"featured_media":42045,"comment_status":"closed","ping_status":"closed","sticky":false,"template":"","format":"standard","meta":{"_links_to":"","_links_to_target":""},"categories":[3,1],"tags":[2330,153,3079],"_links":{"self":[{"href":"https:\/\/www.locoxelrojo.com\/independiente\/wp-json\/wp\/v2\/posts\/42043"}],"collection":[{"href":"https:\/\/www.locoxelrojo.com\/independiente\/wp-json\/wp\/v2\/posts"}],"about":[{"href":"https:\/\/www.locoxelrojo.com\/independiente\/wp-json\/wp\/v2\/types\/post"}],"author":[{"embeddable":true,"href":"https:\/\/www.locoxelrojo.com\/independiente\/wp-json\/wp\/v2\/users\/11"}],"replies":[{"embeddable":true,"href":"https:\/\/www.locoxelrojo.com\/independiente\/wp-json\/wp\/v2\/comments?post=42043"}],"version-history":[{"count":0,"href":"https:\/\/www.locoxelrojo.com\/independiente\/wp-json\/wp\/v2\/posts\/42043\/revisions"}],"wp:featuredmedia":[{"embeddable":true,"href":"https:\/\/www.locoxelrojo.com\/independiente\/wp-json\/wp\/v2\/media\/42045"}],"wp:attachment":[{"href":"https:\/\/www.locoxelrojo.com\/independiente\/wp-json\/wp\/v2\/media?parent=42043"}],"wp:term":[{"taxonomy":"category","embeddable":true,"href":"https:\/\/www.locoxelrojo.com\/independiente\/wp-json\/wp\/v2\/categories?post=42043"},{"taxonomy":"post_tag","embeddable":true,"href":"https:\/\/www.locoxelrojo.com\/independiente\/wp-json\/wp\/v2\/tags?post=42043"}],"curies":[{"name":"wp","href":"https:\/\/api.w.org\/{rel}","templated":true}]}}