{"id":42050,"date":"2014-03-27T14:42:14","date_gmt":"2014-03-27T17:42:14","guid":{"rendered":"http:\/\/www.locoxelrojo.com.ar\/independiente\/?p=42050"},"modified":"2014-03-27T14:42:14","modified_gmt":"2014-03-27T17:42:14","slug":"de-felippe-somos-tan-responsables-como-los-jugadores","status":"publish","type":"post","link":"https:\/\/www.locoxelrojo.com\/independiente\/2014\/03\/27\/de-felippe-somos-tan-responsables-como-los-jugadores\/","title":{"rendered":"De Felippe: &#8220;Somos tan responsables como los jugadores&#8221;"},"content":{"rendered":"<p>Omar De Felippe se refiri\u00f3 a los insultos de la gente hacia los jugadores y <strong>se responsabiliz\u00f3 por el momento. Adem\u00e1s, opin\u00f3 que los futbolistas se olvidan de todo cuando entran a la cancha y habl\u00f3 del episodio ocurrido con Javier Cantero tras la derrota ante Sarmiento.<\/strong><\/p>\n<p><strong>&#8220;No s\u00e9 si me siento protegido. El cr\u00e9dito me lo tiene que dar el equipo, el redimiento.\u00a0No me siento inmune y s\u00ed preocupado de lo que nos toque vivir. Me siento muy mal con todo esto y que me insulten a un jugador. Somos tan responsables como ellos&#8221;<\/strong>, manifest\u00f3 el entrenador en rueda de prensa.<\/p>\n<p>Luego, hizo referencia a lo que le deben a los jugadores, pero sostuvo que en el momento del partido, no pesa: <strong>&#8220;Probablemente las deudas influyan. Pero el jugador, ni bien entra al campo de juego, se preocupa por lo que pasa ah\u00ed,\u00a0que es donde est\u00e1 el problema m\u00e1s grave. Todos tenemos problemas familiares, pero cuando venimos ac\u00e1, nos entregamos al cien por cien&#8221;.<\/strong><\/p>\n<p>En cuanto a la renuncia -despu\u00e9s desmentida- de Cantero en Jun\u00edn, De Felippe entendi\u00f3 que <strong>&#8220;fue un momento de calentura tras el partido&#8221;. &#8220;No es normal, pero son situaciones que se dieron despu\u00e9s de una derrota. A todo lo que pasa le prestamos atenci\u00f3n, tratamos de tocar el temam, pero lo m\u00e1s importante sigue siendo lo que pasa en la cancha&#8221;<\/strong>, agreg\u00f3.<\/p>\n<p>Por \u00faltimo, explic\u00f3 por qu\u00e9 no concentra a Claudio Morel Rodr\u00edguez. <strong>&#8220;No es terminante. Es deportiva. Habl\u00e9 con \u00e9l y le manifest\u00e9 que lo vi mejor en los entrenamientos.\u00a0Seguramente vuelva a estar entre los concentrados pronto. No es cierto que dirigentes me pidieron que lo borre. No lo aceptar\u00eda&#8221;<\/strong>, cerr\u00f3.<\/p>\n","protected":false},"excerpt":{"rendered":"<p>Omar De Felippe se refiri\u00f3 a los insultos de la gente hacia los jugadores y se responsabiliz\u00f3 por el momento. Adem\u00e1s, opin\u00f3 que los futbolistas se olvidan de todo cuando entran a la cancha y habl\u00f3 del episodio ocurrido con Javier Cantero tras la derrota ante Sarmiento. &#8220;No s\u00e9 si me siento protegido. El cr\u00e9dito [&hellip;]<\/p>\n","protected":false},"author":11,"featured_media":42051,"comment_status":"closed","ping_status":"closed","sticky":false,"template":"","format":"standard","meta":{"_links_to":"","_links_to_target":""},"categories":[3,1],"tags":[1620,723,2032],"_links":{"self":[{"href":"https:\/\/www.locoxelrojo.com\/independiente\/wp-json\/wp\/v2\/posts\/42050"}],"collection":[{"href":"https:\/\/www.locoxelrojo.com\/independiente\/wp-json\/wp\/v2\/posts"}],"about":[{"href":"https:\/\/www.locoxelrojo.com\/independiente\/wp-json\/wp\/v2\/types\/post"}],"author":[{"embeddable":true,"href":"https:\/\/www.locoxelrojo.com\/independiente\/wp-json\/wp\/v2\/users\/11"}],"replies":[{"embeddable":true,"href":"https:\/\/www.locoxelrojo.com\/independiente\/wp-json\/wp\/v2\/comments?post=42050"}],"version-history":[{"count":0,"href":"https:\/\/www.locoxelrojo.com\/independiente\/wp-json\/wp\/v2\/posts\/42050\/revisions"}],"wp:featuredmedia":[{"embeddable":true,"href":"https:\/\/www.locoxelrojo.com\/independiente\/wp-json\/wp\/v2\/media\/42051"}],"wp:attachment":[{"href":"https:\/\/www.locoxelrojo.com\/independiente\/wp-json\/wp\/v2\/media?parent=42050"}],"wp:term":[{"taxonomy":"category","embeddable":true,"href":"https:\/\/www.locoxelrojo.com\/independiente\/wp-json\/wp\/v2\/categories?post=42050"},{"taxonomy":"post_tag","embeddable":true,"href":"https:\/\/www.locoxelrojo.com\/independiente\/wp-json\/wp\/v2\/tags?post=42050"}],"curies":[{"name":"wp","href":"https:\/\/api.w.org\/{rel}","templated":true}]}}