{"id":42053,"date":"2014-03-27T15:26:20","date_gmt":"2014-03-27T18:26:20","guid":{"rendered":"http:\/\/www.locoxelrojo.com.ar\/independiente\/?p=42053"},"modified":"2014-03-27T15:27:51","modified_gmt":"2014-03-27T18:27:51","slug":"renuncio-dario-eichenblat","status":"publish","type":"post","link":"https:\/\/www.locoxelrojo.com\/independiente\/2014\/03\/27\/renuncio-dario-eichenblat\/","title":{"rendered":"Renunci\u00f3 Dar\u00edo Eichenblat"},"content":{"rendered":"<p><strong>Dar\u00edo Eichenblat renunci\u00f3 a su cargo de Secretario de Prensa de Independiente esta tarde.<\/strong> S\u00f3lo quedan 13 dirigentes y 2 revisores de cuentas.<\/p>\n<p>No va a ser un d\u00eda m\u00e1s en el club. La primera renuncia de este jueves fue de Dar\u00edo Eichenblat, <strong>en desacuerdo con las decisiones de Javier Cantero. El quiebre final fue anoche, cuando algunos dirigentes se mostraron de acuerdo con aceptar el aporte econ\u00f3mico de la Agrupaci\u00f3n Independiente, que tiene en sus filas a Hugo Moyano, entre otros.<\/strong><\/p>\n<p>De esta forma, <strong>ya renunciaron 9 integrantes de la Comisi\u00f3n Directiva y 3 de la Comisi\u00f3n Revisora de Cuentas. Quedan 15 y en lo que queda del d\u00eda podr\u00edan hacerse oficiales m\u00e1s renuncias importantes.<\/strong><\/p>\n","protected":false},"excerpt":{"rendered":"<p>Dar\u00edo Eichenblat renunci\u00f3 a su cargo de Secretario de Prensa de Independiente esta tarde. S\u00f3lo quedan 13 dirigentes y 2 revisores de cuentas. No va a ser un d\u00eda m\u00e1s en el club. La primera renuncia de este jueves fue de Dar\u00edo Eichenblat, en desacuerdo con las decisiones de Javier Cantero. El quiebre final fue [&hellip;]<\/p>\n","protected":false},"author":11,"featured_media":42054,"comment_status":"closed","ping_status":"closed","sticky":false,"template":"","format":"standard","meta":{"_links_to":"","_links_to_target":""},"categories":[3,1],"tags":[153,1178,723,2629],"_links":{"self":[{"href":"https:\/\/www.locoxelrojo.com\/independiente\/wp-json\/wp\/v2\/posts\/42053"}],"collection":[{"href":"https:\/\/www.locoxelrojo.com\/independiente\/wp-json\/wp\/v2\/posts"}],"about":[{"href":"https:\/\/www.locoxelrojo.com\/independiente\/wp-json\/wp\/v2\/types\/post"}],"author":[{"embeddable":true,"href":"https:\/\/www.locoxelrojo.com\/independiente\/wp-json\/wp\/v2\/users\/11"}],"replies":[{"embeddable":true,"href":"https:\/\/www.locoxelrojo.com\/independiente\/wp-json\/wp\/v2\/comments?post=42053"}],"version-history":[{"count":0,"href":"https:\/\/www.locoxelrojo.com\/independiente\/wp-json\/wp\/v2\/posts\/42053\/revisions"}],"wp:featuredmedia":[{"embeddable":true,"href":"https:\/\/www.locoxelrojo.com\/independiente\/wp-json\/wp\/v2\/media\/42054"}],"wp:attachment":[{"href":"https:\/\/www.locoxelrojo.com\/independiente\/wp-json\/wp\/v2\/media?parent=42053"}],"wp:term":[{"taxonomy":"category","embeddable":true,"href":"https:\/\/www.locoxelrojo.com\/independiente\/wp-json\/wp\/v2\/categories?post=42053"},{"taxonomy":"post_tag","embeddable":true,"href":"https:\/\/www.locoxelrojo.com\/independiente\/wp-json\/wp\/v2\/tags?post=42053"}],"curies":[{"name":"wp","href":"https:\/\/api.w.org\/{rel}","templated":true}]}}