{"id":42388,"date":"2014-04-07T13:48:44","date_gmt":"2014-04-07T16:48:44","guid":{"rendered":"http:\/\/www.locoxelrojo.com.ar\/independiente\/?p=42388"},"modified":"2015-10-14T23:50:07","modified_gmt":"2015-10-15T02:50:07","slug":"concentrados-vs-santamarina","status":"publish","type":"post","link":"https:\/\/www.locoxelrojo.com\/independiente\/2014\/04\/07\/concentrados-vs-santamarina\/","title":{"rendered":"Concentrados vs. Santamarina"},"content":{"rendered":"<p><strong>Luego de la pr\u00e1ctica de este lunes por la ma\u00f1ana, Omar De Felippe dio a conocer la lista de los 18 jugadores que viajar\u00e1n a San Luis para enfrentar a Santamarina el mi\u00e9rcoles, desde las 20, por la Fase Final II de la Copa Argentina.<\/strong><\/p>\n<p><strong>Entre las novedades se destaca la vuelta de Claudio Morel Rodr\u00edguez, quien no concentra para los partidos de la B Nacional desde hace seis fechas.<\/strong> Adem\u00e1s, Federico Ins\u00faa volver\u00eda a la titularidad y N\u00e9stor Breitenbruch junto a Nicol\u00e1s Figal, tendr\u00e1n su oportunidad de debutar en Primera.<\/p>\n<p><span style=\"text-decoration: underline;\"><strong>La lista<\/strong><\/span><\/p>\n<p><strong>Arqueros:<\/strong> Fabi\u00e1n Assmann y Facundo Daffonchio.<\/p>\n<p><strong>Defensores:<\/strong> N\u00e9stor Breitenbruch, Sergio Ojeda, Nicol\u00e1s Figal, Lucas Villalba, Claudio Morel Rodr\u00edguez y Samuel C\u00e1ceres.<\/p>\n<p><strong>Volantes:<\/strong> Franco Bellocq, Leonel Miranda, Fabi\u00e1n Monserrat, Reinaldo Alderete, Federico Ins\u00faa, Guillermo Pereira y Mat\u00edas Pisano.<\/p>\n<p><strong>Delanteros:<\/strong> Sebasti\u00e1n Penco, Cristian Men\u00e9ndez y Francisco Pizzini.<\/p>\n","protected":false},"excerpt":{"rendered":"<p>Luego de la pr\u00e1ctica de este lunes por la ma\u00f1ana, Omar De Felippe dio a conocer la lista de los 18 jugadores que viajar\u00e1n a San Luis para enfrentar a Santamarina el mi\u00e9rcoles, desde las 20, por la Fase Final II de la Copa Argentina. Entre las novedades se destaca la vuelta de Claudio Morel [&hellip;]<\/p>\n","protected":false},"author":20,"featured_media":42389,"comment_status":"closed","ping_status":"closed","sticky":false,"template":"","format":"standard","meta":{"_links_to":"","_links_to_target":""},"categories":[800,3,1],"tags":[153,3091,2647],"_links":{"self":[{"href":"https:\/\/www.locoxelrojo.com\/independiente\/wp-json\/wp\/v2\/posts\/42388"}],"collection":[{"href":"https:\/\/www.locoxelrojo.com\/independiente\/wp-json\/wp\/v2\/posts"}],"about":[{"href":"https:\/\/www.locoxelrojo.com\/independiente\/wp-json\/wp\/v2\/types\/post"}],"author":[{"embeddable":true,"href":"https:\/\/www.locoxelrojo.com\/independiente\/wp-json\/wp\/v2\/users\/20"}],"replies":[{"embeddable":true,"href":"https:\/\/www.locoxelrojo.com\/independiente\/wp-json\/wp\/v2\/comments?post=42388"}],"version-history":[{"count":0,"href":"https:\/\/www.locoxelrojo.com\/independiente\/wp-json\/wp\/v2\/posts\/42388\/revisions"}],"wp:featuredmedia":[{"embeddable":true,"href":"https:\/\/www.locoxelrojo.com\/independiente\/wp-json\/wp\/v2\/media\/42389"}],"wp:attachment":[{"href":"https:\/\/www.locoxelrojo.com\/independiente\/wp-json\/wp\/v2\/media?parent=42388"}],"wp:term":[{"taxonomy":"category","embeddable":true,"href":"https:\/\/www.locoxelrojo.com\/independiente\/wp-json\/wp\/v2\/categories?post=42388"},{"taxonomy":"post_tag","embeddable":true,"href":"https:\/\/www.locoxelrojo.com\/independiente\/wp-json\/wp\/v2\/tags?post=42388"}],"curies":[{"name":"wp","href":"https:\/\/api.w.org\/{rel}","templated":true}]}}