{"id":42597,"date":"2014-04-13T20:39:24","date_gmt":"2014-04-13T23:39:24","guid":{"rendered":"http:\/\/www.locoxelrojo.com.ar\/independiente\/?p=42597"},"modified":"2014-04-15T01:41:31","modified_gmt":"2014-04-15T04:41:31","slug":"no-habra-acuerdo","status":"publish","type":"post","link":"https:\/\/www.locoxelrojo.com\/independiente\/2014\/04\/13\/no-habra-acuerdo\/","title":{"rendered":"No habr\u00e1 acuerdo"},"content":{"rendered":"<p><strong>Finalmente la Agrupaci\u00f3n Independiente, junto a otros socios, no har\u00e1 el aporte econ\u00f3mico, ya que se cansaron de las vueltas por parte de la Comisi\u00f3n Directiva. Por su parte, en el oficialismo dicen que est\u00e1n dispuestos a aceptar, siempre y cuando el dinero que ingrese no sea en negro. Javier Cantero asegur\u00f3 que el pacto no se firm\u00f3 \u201cpor cuestiones legales\u201d.<\/strong><\/p>\n<p><strong>\u201cYo no ten\u00eda problemas en entregar mi cabeza a cambio de que ingrese un dinero en el Club, pero todos sab\u00edamos que ese dinero no pod\u00eda ser en negro\u201d<\/strong>, le asegur\u00f3 el presidente a Diario Popular. <strong>&#8220;Habl\u00e9 con H\u00e9ctor Maldonado, estaba todo acordado, hab\u00edamos aceptado todos sus pedidos: adelantar elecciones, su participaci\u00f3n en el departamento de f\u00fatbol, cedimos con exigir avales, pero a las dos horas me dijo que estaba todo complicado\u201d<\/strong>, agreg\u00f3.<\/p>\n<p>\u00bfPor qu\u00e9 se cay\u00f3? <strong>Desde la Unidad de Investigaci\u00f3n Financiera solicitaron la firma de los aportantes, explicar de d\u00f3nde sal\u00edan los fondos y entregar su n\u00famero de CUIT.<\/strong> Desde la oposici\u00f3n, explican que los 10.000.000 de pesos <strong>se iban a entregar v\u00eda transferencia bancaria y que est\u00e1n cansados de las trabas que pone Cantero junto a su Comisi\u00f3n Directiva.<\/strong><\/p>\n<p><strong>\u201cMe enter\u00e9 tambi\u00e9n que, pese a que se dijo que iba a hacer una donaci\u00f3n, luego algunos quer\u00edan publicidad a cambio. Y eso ya ser\u00eda una contraprestaci\u00f3n\u201d<\/strong>, cerro el presidente.<\/p>\n<p>Mientras tanto, <strong>los empleados contin\u00faan de paro y a\u00fan resta abonarles el 37% de su sueldo. El partido con Almirante Brown esta en duda y este lunes por la ma\u00f1ana habr\u00e1 una reuni\u00f3n de delegados para tomar una decisi\u00f3n. <\/strong><\/p>\n","protected":false},"excerpt":{"rendered":"<p>Finalmente la Agrupaci\u00f3n Independiente, junto a otros socios, no har\u00e1 el aporte econ\u00f3mico, ya que se cansaron de las vueltas por parte de la Comisi\u00f3n Directiva. Por su parte, en el oficialismo dicen que est\u00e1n dispuestos a aceptar, siempre y cuando el dinero que ingrese no sea en negro. Javier Cantero asegur\u00f3 que el pacto [&hellip;]<\/p>\n","protected":false},"author":1,"featured_media":42598,"comment_status":"closed","ping_status":"closed","sticky":false,"template":"","format":"standard","meta":{"_links_to":"","_links_to_target":""},"categories":[4,1],"tags":[2186,153,723],"_links":{"self":[{"href":"https:\/\/www.locoxelrojo.com\/independiente\/wp-json\/wp\/v2\/posts\/42597"}],"collection":[{"href":"https:\/\/www.locoxelrojo.com\/independiente\/wp-json\/wp\/v2\/posts"}],"about":[{"href":"https:\/\/www.locoxelrojo.com\/independiente\/wp-json\/wp\/v2\/types\/post"}],"author":[{"embeddable":true,"href":"https:\/\/www.locoxelrojo.com\/independiente\/wp-json\/wp\/v2\/users\/1"}],"replies":[{"embeddable":true,"href":"https:\/\/www.locoxelrojo.com\/independiente\/wp-json\/wp\/v2\/comments?post=42597"}],"version-history":[{"count":0,"href":"https:\/\/www.locoxelrojo.com\/independiente\/wp-json\/wp\/v2\/posts\/42597\/revisions"}],"wp:featuredmedia":[{"embeddable":true,"href":"https:\/\/www.locoxelrojo.com\/independiente\/wp-json\/wp\/v2\/media\/42598"}],"wp:attachment":[{"href":"https:\/\/www.locoxelrojo.com\/independiente\/wp-json\/wp\/v2\/media?parent=42597"}],"wp:term":[{"taxonomy":"category","embeddable":true,"href":"https:\/\/www.locoxelrojo.com\/independiente\/wp-json\/wp\/v2\/categories?post=42597"},{"taxonomy":"post_tag","embeddable":true,"href":"https:\/\/www.locoxelrojo.com\/independiente\/wp-json\/wp\/v2\/tags?post=42597"}],"curies":[{"name":"wp","href":"https:\/\/api.w.org\/{rel}","templated":true}]}}