{"id":42729,"date":"2014-04-15T23:19:06","date_gmt":"2014-04-16T02:19:06","guid":{"rendered":"http:\/\/www.locoxelrojo.com.ar\/independiente\/?p=42729"},"modified":"2014-04-16T00:19:26","modified_gmt":"2014-04-16T03:19:26","slug":"keblaitis-adelantamos-las-elecciones-no-le-encontramos-la-vuelta","status":"publish","type":"post","link":"https:\/\/www.locoxelrojo.com\/independiente\/2014\/04\/15\/keblaitis-adelantamos-las-elecciones-no-le-encontramos-la-vuelta\/","title":{"rendered":"Keblaitis: \u201cAdelantamos las elecciones, no le encontramos la vuelta\u201d"},"content":{"rendered":"<p>Claudio Keblaitis, vicepresidente 2\u00ba de Independiente y encargado del colegio del club, <strong>se mostr\u00f3 preocupado por la situaci\u00f3n institucional y admiti\u00f3 que adelantar\u00e1n las elecciones por no tener un rumbo claro a seguir. Adem\u00e1s, critic\u00f3 a la oposici\u00f3n y explic\u00f3 que el motivo del atraso en el pago a los maestros del colegio se debi\u00f3 a un fallo de la tesorer\u00eda.<\/strong><\/p>\n<p><strong>\u201cLa intenci\u00f3n es adelantar las elecciones. No le encontramos la vuelta\u201d<\/strong>, expres\u00f3 Keblaitis en di\u00e1logo con Monarqu\u00eda Roja. El dirigente explic\u00f3 que <strong>\u201cdesgraciadamente se cay\u00f3 el acuerdo\u201d<\/strong> que iba a brindar ayuda econ\u00f3mica al club, pero advirti\u00f3 que <strong>\u201csi Agrupaci\u00f3n Independiente quiere el club, hubiera donado la plata igual<strong>\u201d<\/strong><\/strong>. Y agreg\u00f3: <strong><strong>\u201c<\/strong>Pongamos a Independiente por sobre los egos\u201d<\/strong>.<\/p>\n<p>Keblaitis revel\u00f3 que <strong>\u201cel Gobierno Nacional no aport\u00f3 dinero nunca en el club\u201d<\/strong> y se mostr\u00f3 arrepentido de haber integrado el trinomio oficial en 2011: <strong>\u201cSoy el que m\u00e1s perd\u00ed con formar parte de esta comisi\u00f3n. Era bien reconocido en el club\u201d<\/strong>. Asimismo, se refiri\u00f3 a los candidatos que luchar\u00e1n por la presidencia en las pr\u00f3ximas elecciones: <strong>\u201cLos dirigentes opositores hacen el mismo discurso que hicimos nosotros cuando est\u00e1bamos afuera y eso me asusta. No veo alguien firme en la oposici\u00f3n\u201d<\/strong>.<\/p>\n<p>Por otro lado, el vicepresidente cont\u00f3 que el paro de empleados del lunes <strong>\u201cperjudic\u00f3 el partido del Selectivo y produjo el enojo de Milito\u201d<\/strong>. En la misma l\u00ednea, y explic\u00f3 el motivo del atraso en el pago a los docentes del colegio: <strong>\u201cEl centro educativo no maneja fondos y no tiene chequera. Los padres abonan, el 80%, con d\u00e9bito autom\u00e1tico. Eso va a un fondo com\u00fan que se utiliza para pagar otras cosas. La plata para los docentes est\u00e1 desde ayer. Por error de la tesorer\u00eda fall\u00f3 el pago\u201d<\/strong>.<\/p>\n","protected":false},"excerpt":{"rendered":"<p>Claudio Keblaitis, vicepresidente 2\u00ba de Independiente y encargado del colegio del club, se mostr\u00f3 preocupado por la situaci\u00f3n institucional y admiti\u00f3 que adelantar\u00e1n las elecciones por no tener un rumbo claro a seguir. Adem\u00e1s, critic\u00f3 a la oposici\u00f3n y explic\u00f3 que el motivo del atraso en el pago a los maestros del colegio se debi\u00f3 [&hellip;]<\/p>\n","protected":false},"author":8,"featured_media":39982,"comment_status":"closed","ping_status":"closed","sticky":false,"template":"","format":"standard","meta":{"_links_to":"","_links_to_target":""},"categories":[4,1],"tags":[2186,2651,1081,153,1446],"_links":{"self":[{"href":"https:\/\/www.locoxelrojo.com\/independiente\/wp-json\/wp\/v2\/posts\/42729"}],"collection":[{"href":"https:\/\/www.locoxelrojo.com\/independiente\/wp-json\/wp\/v2\/posts"}],"about":[{"href":"https:\/\/www.locoxelrojo.com\/independiente\/wp-json\/wp\/v2\/types\/post"}],"author":[{"embeddable":true,"href":"https:\/\/www.locoxelrojo.com\/independiente\/wp-json\/wp\/v2\/users\/8"}],"replies":[{"embeddable":true,"href":"https:\/\/www.locoxelrojo.com\/independiente\/wp-json\/wp\/v2\/comments?post=42729"}],"version-history":[{"count":0,"href":"https:\/\/www.locoxelrojo.com\/independiente\/wp-json\/wp\/v2\/posts\/42729\/revisions"}],"wp:featuredmedia":[{"embeddable":true,"href":"https:\/\/www.locoxelrojo.com\/independiente\/wp-json\/wp\/v2\/media\/39982"}],"wp:attachment":[{"href":"https:\/\/www.locoxelrojo.com\/independiente\/wp-json\/wp\/v2\/media?parent=42729"}],"wp:term":[{"taxonomy":"category","embeddable":true,"href":"https:\/\/www.locoxelrojo.com\/independiente\/wp-json\/wp\/v2\/categories?post=42729"},{"taxonomy":"post_tag","embeddable":true,"href":"https:\/\/www.locoxelrojo.com\/independiente\/wp-json\/wp\/v2\/tags?post=42729"}],"curies":[{"name":"wp","href":"https:\/\/api.w.org\/{rel}","templated":true}]}}