{"id":42735,"date":"2014-04-15T23:33:41","date_gmt":"2014-04-16T02:33:41","guid":{"rendered":"http:\/\/www.locoxelrojo.com.ar\/independiente\/?p=42735"},"modified":"2014-04-16T00:20:03","modified_gmt":"2014-04-16T03:20:03","slug":"docentes-padres-y-alumnos-protestaron-en-la-sede","status":"publish","type":"post","link":"https:\/\/www.locoxelrojo.com\/independiente\/2014\/04\/15\/docentes-padres-y-alumnos-protestaron-en-la-sede\/","title":{"rendered":"Docentes, padres y alumnos protestaron en la Sede"},"content":{"rendered":"<p><strong>Los maestros del colegio primario, secundario y jard\u00edn de infantes de Independiente realizaron una retenci\u00f3n de tareas<\/strong> como se\u00f1al de protesta por no haber cobrado el sueldo del mes de marzo. Por la tarde, <strong>todos ellos se manifestaron en la Sede de Avenida Mitre<\/strong>.<\/p>\n<p>Independiente no para de sumar esc\u00e1ndalos y malas noticias. El lunes decidieron parar los empleados de UTEDyC, poniendo en riesgo el partido entre el Rojo y Almirante Brown. <strong>Este martes, el foco de conflicto estuvo en el centro educativo<\/strong>.<\/p>\n<p>Los docentes del colegio de Independiente realizaron la retenci\u00f3n de sus actividades exigiendo que se les pague el sueldo de marzo. Despu\u00e9s, en horas de la tarde, <strong>los padres y los alumnos acompa\u00f1aron a los maestros a la Sede de Avellaneda para protestar y exigir respuestas<\/strong>.<\/p>\n<p><strong>Claudio Keblaitis<\/strong>, vicepresidente 2\u00ba del club y encargado del centro educativo, explic\u00f3 en Monarqu\u00eda Roja que el atraso en los pagos se debi\u00f3 a un fallo de la tesorer\u00eda. Y agreg\u00f3: <strong>&#8220;Con respecto a la gente de tesorer\u00eda estoy solo. Espero que la medida de fuerza los haga recapacitar y podamos manejar los fondos del colegio&#8221;<\/strong>.<\/p>\n<p><em>Foto: Flora Garcia Prada (@FloraGp)<\/em><\/p>\n","protected":false},"excerpt":{"rendered":"<p>Los maestros del colegio primario, secundario y jard\u00edn de infantes de Independiente realizaron una retenci\u00f3n de tareas como se\u00f1al de protesta por no haber cobrado el sueldo del mes de marzo. Por la tarde, todos ellos se manifestaron en la Sede de Avenida Mitre. Independiente no para de sumar esc\u00e1ndalos y malas noticias. El lunes [&hellip;]<\/p>\n","protected":false},"author":8,"featured_media":42736,"comment_status":"closed","ping_status":"closed","sticky":false,"template":"","format":"standard","meta":{"_links_to":"","_links_to_target":""},"categories":[4,1],"tags":[2651,1081,1446],"_links":{"self":[{"href":"https:\/\/www.locoxelrojo.com\/independiente\/wp-json\/wp\/v2\/posts\/42735"}],"collection":[{"href":"https:\/\/www.locoxelrojo.com\/independiente\/wp-json\/wp\/v2\/posts"}],"about":[{"href":"https:\/\/www.locoxelrojo.com\/independiente\/wp-json\/wp\/v2\/types\/post"}],"author":[{"embeddable":true,"href":"https:\/\/www.locoxelrojo.com\/independiente\/wp-json\/wp\/v2\/users\/8"}],"replies":[{"embeddable":true,"href":"https:\/\/www.locoxelrojo.com\/independiente\/wp-json\/wp\/v2\/comments?post=42735"}],"version-history":[{"count":0,"href":"https:\/\/www.locoxelrojo.com\/independiente\/wp-json\/wp\/v2\/posts\/42735\/revisions"}],"wp:featuredmedia":[{"embeddable":true,"href":"https:\/\/www.locoxelrojo.com\/independiente\/wp-json\/wp\/v2\/media\/42736"}],"wp:attachment":[{"href":"https:\/\/www.locoxelrojo.com\/independiente\/wp-json\/wp\/v2\/media?parent=42735"}],"wp:term":[{"taxonomy":"category","embeddable":true,"href":"https:\/\/www.locoxelrojo.com\/independiente\/wp-json\/wp\/v2\/categories?post=42735"},{"taxonomy":"post_tag","embeddable":true,"href":"https:\/\/www.locoxelrojo.com\/independiente\/wp-json\/wp\/v2\/tags?post=42735"}],"curies":[{"name":"wp","href":"https:\/\/api.w.org\/{rel}","templated":true}]}}