{"id":42739,"date":"2014-04-15T22:17:02","date_gmt":"2014-04-16T01:17:02","guid":{"rendered":"http:\/\/www.locoxelrojo.com.ar\/independiente\/?p=42739"},"modified":"2014-04-16T00:18:32","modified_gmt":"2014-04-16T03:18:32","slug":"gomis-nunca-falto-comida-para-los-chicos-2","status":"publish","type":"post","link":"https:\/\/www.locoxelrojo.com\/independiente\/2014\/04\/15\/gomis-nunca-falto-comida-para-los-chicos-2\/","title":{"rendered":"Gomis: &#8220;Nunca falt\u00f3 comida para los chicos&#8221;"},"content":{"rendered":"<p>Miguel Gomis, Coordinador de F\u00fatbol Amateur de Independiente,\u00a0<strong>asegur\u00f3 que &#8220;nunca falt\u00f3 comida para los chicos&#8221;, en contraposici\u00f3n de las declaraciones de Brian Simone, jugador de la cuarta divisi\u00f3n.<\/strong><\/p>\n<p><strong>&#8220;Yo puedo decir que hubo mala interpretaci\u00f3n sobre la falta de comida en la pensi\u00f3n.\u00a0Nunca falt\u00f3 comida para los chicos&#8221;<\/strong>, manifest\u00f3 en di\u00e1logo con Monarqu\u00eda Roja. Y agreg\u00f3:\u00a0<strong>&#8220;El doctor dijo que los chicos que viajaban coman fideos con salsa rosa y otros comieron milanesas, que era el men\u00fa de la pensi\u00f3n&#8221;.<\/strong><\/p>\n<p>Por \u00faltimo, explic\u00f3 lo que pas\u00f3 en la fecha suspendida contra Olimpo.\u00a0<strong>&#8220;En el viaje a Bah\u00eda Blanca los chicos estuvieron solo cuatro horas en el micro porque se suspendi\u00f3 la jornada de inferiores.\u00a0Entre las 12 y las 13 les damos un sandwich entre comidas. Luego la merienda y la cena&#8221;<\/strong>, cerr\u00f3.<\/p>\n","protected":false},"excerpt":{"rendered":"<p>Miguel Gomis, Coordinador de F\u00fatbol Amateur de Independiente,\u00a0asegur\u00f3 que &#8220;nunca falt\u00f3 comida para los chicos&#8221;, en contraposici\u00f3n de las declaraciones de Brian Simone, jugador de la cuarta divisi\u00f3n. &#8220;Yo puedo decir que hubo mala interpretaci\u00f3n sobre la falta de comida en la pensi\u00f3n.\u00a0Nunca falt\u00f3 comida para los chicos&#8221;, manifest\u00f3 en di\u00e1logo con Monarqu\u00eda Roja. Y [&hellip;]<\/p>\n","protected":false},"author":11,"featured_media":42741,"comment_status":"closed","ping_status":"closed","sticky":false,"template":"","format":"standard","meta":{"_links_to":"","_links_to_target":""},"categories":[5,1],"tags":[2649,153,3265,2479],"_links":{"self":[{"href":"https:\/\/www.locoxelrojo.com\/independiente\/wp-json\/wp\/v2\/posts\/42739"}],"collection":[{"href":"https:\/\/www.locoxelrojo.com\/independiente\/wp-json\/wp\/v2\/posts"}],"about":[{"href":"https:\/\/www.locoxelrojo.com\/independiente\/wp-json\/wp\/v2\/types\/post"}],"author":[{"embeddable":true,"href":"https:\/\/www.locoxelrojo.com\/independiente\/wp-json\/wp\/v2\/users\/11"}],"replies":[{"embeddable":true,"href":"https:\/\/www.locoxelrojo.com\/independiente\/wp-json\/wp\/v2\/comments?post=42739"}],"version-history":[{"count":0,"href":"https:\/\/www.locoxelrojo.com\/independiente\/wp-json\/wp\/v2\/posts\/42739\/revisions"}],"wp:featuredmedia":[{"embeddable":true,"href":"https:\/\/www.locoxelrojo.com\/independiente\/wp-json\/wp\/v2\/media\/42741"}],"wp:attachment":[{"href":"https:\/\/www.locoxelrojo.com\/independiente\/wp-json\/wp\/v2\/media?parent=42739"}],"wp:term":[{"taxonomy":"category","embeddable":true,"href":"https:\/\/www.locoxelrojo.com\/independiente\/wp-json\/wp\/v2\/categories?post=42739"},{"taxonomy":"post_tag","embeddable":true,"href":"https:\/\/www.locoxelrojo.com\/independiente\/wp-json\/wp\/v2\/tags?post=42739"}],"curies":[{"name":"wp","href":"https:\/\/api.w.org\/{rel}","templated":true}]}}