{"id":42941,"date":"2014-04-24T14:42:17","date_gmt":"2014-04-24T17:42:17","guid":{"rendered":"http:\/\/www.locoxelrojo.com.ar\/independiente\/?p=42941"},"modified":"2014-04-24T16:29:56","modified_gmt":"2014-04-24T19:29:56","slug":"keblaitis-manana-convocaremos-a-asamblea-extraordinaria","status":"publish","type":"post","link":"https:\/\/www.locoxelrojo.com\/independiente\/2014\/04\/24\/keblaitis-manana-convocaremos-a-asamblea-extraordinaria\/","title":{"rendered":"Keblaitis: &#8220;Ma\u00f1ana convocaremos a Asamblea Extraordinaria&#8221;"},"content":{"rendered":"<p>Claudio Keblaitis, flamante presidente de Independiente tras la salida de Javier Cantero,<strong> confirm\u00f3 que se convocar\u00e1 a una Asamblea Extraordinaria para adelantar las elecciones en los primeros d\u00edas del mes de julio. Anunci\u00f3 que habr\u00e1 una conferencia de prensa en los pr\u00f3ximos d\u00edas y prometi\u00f3 dar precisiones m\u00e1s adelante sobre la propuesta de Agrupaci\u00f3n Independiente. Adem\u00e1s, asegur\u00f3 que su gesti\u00f3n mantendr\u00e1 un perfil bajo.<\/strong><\/p>\n<p><strong>\u201cSabemos que Javier Cantero dio un paso al costado ayer. Hoy lleg\u00f3 por correo la notificaci\u00f3n a la sede. En una reuni\u00f3n de emergencia de Comisi\u00f3n Directiva aceptamos la renuncia&#8221;<\/strong>, fueron las primeras palabras de Keblaitis como presidente ante la prensa en el predio de Villa Dom\u00ednico. <strong>&#8220;Entendimos sus razones, sabemos la presi\u00f3n a la que se someti\u00f3 en el \u00faltimo tiempo. Comprendemos lo humano, m\u00e1s all\u00e1 de lo profesional&#8221;<\/strong>, agreg\u00f3.<\/p>\n<p>Luego, explic\u00f3 que se seguir\u00e1n los pasos estatutarios para el adelantamiento de las elecciones: <strong>&#8220;Ma\u00f1ana salen las cartas a los representantes para convocar a la Asamblea Extraordinaria en la cual se llamar\u00e1 a elecciones para principios de julio&#8221;<\/strong>. Tambi\u00e9n, asegur\u00f3 que contin\u00faan las charlas con la Agrupaci\u00f3n Independiente: <strong>&#8220;Prosiguen las reuniones con la Agrupaci\u00f3n Independiente que va a hacer un aporte econ\u00f3mico, una donaci\u00f3n&#8221;<\/strong>.<\/p>\n<p><strong>&#8220;Est\u00e1 convocado el resto del arco pol\u00edtico a otra reuni\u00f3n en la cual las participaremos de la intimidad de este documento, antes de firmarse. Se van a enterar todas las agrupaciones antes de que se firme. Colaborar\u00e1n, en la medida de lo posible, todos los que deseen acercarse al Club. Son bienvenidos, sin distinci\u00f3n de banderas pol\u00edticas&#8221;<\/strong>, a\u00f1adi\u00f3.<\/p>\n<p>Expres\u00f3 que realzar\u00e1n una conferencia de prensa y que su gesti\u00f3n, a diferencia de la de Javier Cantero, mantendr\u00e1 un perfil medi\u00e1tico bajo: <strong>&#8220;En breve vamos a dar una conferencia de prensa en las que aceptaremos todo tipo de preguntas. Luego de esa conferencia, mantendremos un perfil bajo, dedic\u00e1ndonos a trabajar&#8221;<\/strong>.<\/p>\n<p>Para finalizar, le dej\u00f3 un mensaje a todo el Mundo Rojo: <strong>&#8220;Necesitamos sacar a Independiente de este pozo en el que est\u00e1 sumergido, llegar al ascenso cuanto antes y de la mejor manera. Que las pr\u00f3ximas noticias que salgan de Independiente sean exclusivamente futbol\u00edsticas y por triunfos&#8221;<\/strong>.<\/p>\n","protected":false},"excerpt":{"rendered":"<p>Claudio Keblaitis, flamante presidente de Independiente tras la salida de Javier Cantero, confirm\u00f3 que se convocar\u00e1 a una Asamblea Extraordinaria para adelantar las elecciones en los primeros d\u00edas del mes de julio. Anunci\u00f3 que habr\u00e1 una conferencia de prensa en los pr\u00f3ximos d\u00edas y prometi\u00f3 dar precisiones m\u00e1s adelante sobre la propuesta de Agrupaci\u00f3n Independiente. [&hellip;]<\/p>\n","protected":false},"author":1,"featured_media":42942,"comment_status":"closed","ping_status":"closed","sticky":false,"template":"","format":"standard","meta":{"_links_to":"","_links_to_target":""},"categories":[4,1],"tags":[1081],"_links":{"self":[{"href":"https:\/\/www.locoxelrojo.com\/independiente\/wp-json\/wp\/v2\/posts\/42941"}],"collection":[{"href":"https:\/\/www.locoxelrojo.com\/independiente\/wp-json\/wp\/v2\/posts"}],"about":[{"href":"https:\/\/www.locoxelrojo.com\/independiente\/wp-json\/wp\/v2\/types\/post"}],"author":[{"embeddable":true,"href":"https:\/\/www.locoxelrojo.com\/independiente\/wp-json\/wp\/v2\/users\/1"}],"replies":[{"embeddable":true,"href":"https:\/\/www.locoxelrojo.com\/independiente\/wp-json\/wp\/v2\/comments?post=42941"}],"version-history":[{"count":0,"href":"https:\/\/www.locoxelrojo.com\/independiente\/wp-json\/wp\/v2\/posts\/42941\/revisions"}],"wp:featuredmedia":[{"embeddable":true,"href":"https:\/\/www.locoxelrojo.com\/independiente\/wp-json\/wp\/v2\/media\/42942"}],"wp:attachment":[{"href":"https:\/\/www.locoxelrojo.com\/independiente\/wp-json\/wp\/v2\/media?parent=42941"}],"wp:term":[{"taxonomy":"category","embeddable":true,"href":"https:\/\/www.locoxelrojo.com\/independiente\/wp-json\/wp\/v2\/categories?post=42941"},{"taxonomy":"post_tag","embeddable":true,"href":"https:\/\/www.locoxelrojo.com\/independiente\/wp-json\/wp\/v2\/tags?post=42941"}],"curies":[{"name":"wp","href":"https:\/\/api.w.org\/{rel}","templated":true}]}}