{"id":42965,"date":"2014-04-24T20:29:32","date_gmt":"2014-04-24T23:29:32","guid":{"rendered":"http:\/\/www.locoxelrojo.com.ar\/independiente\/?p=42965"},"modified":"2014-04-25T13:03:13","modified_gmt":"2014-04-25T16:03:13","slug":"ahora-si-se-firma","status":"publish","type":"post","link":"https:\/\/www.locoxelrojo.com\/independiente\/2014\/04\/24\/ahora-si-se-firma\/","title":{"rendered":"\u00bfAhora s\u00ed se firma?"},"content":{"rendered":"<p><strong>El oficialismo y la oposici\u00f3n, homologados por la Asociaci\u00f3n del F\u00fatbol Argentino, llegaron a un acuerdo de palabra para firmar la propuesta de la Agrupaci\u00f3n Independiente y otros socios aportantes. Al finalizar la reuni\u00f3n este jueves, Claudio Keblaitis y H\u00e9ctor Maldonado lo ratificaron ante la prensa.<\/strong><\/p>\n<p><strong>\u201cEs hora de que todos pensemos en Independiente. El acuerdo est\u00e1 totalmente consensuado y se firma ma\u00f1ana. Agradecemos el aporte de Agrupaci\u00f3n Independiente que permitieron que se abra la participaci\u00f3n de las otras agrupaciones para el mercado de pases&#8221;<\/strong>, expres\u00f3 Keblaitis. Con esto, la donaci\u00f3n ser\u00e1 de 10.000.000 de pesos para los sueldos del plantel, participaci\u00f3n en el f\u00fatbol y otras \u00e1reas y el adelantamiento de elecciones.<\/p>\n<p><strong>&#8220;Todo cambio de aire es beneficioso en una situaci\u00f3n como la que le toc\u00f3 vivir al club. Queremos una pacificaci\u00f3n. Comunicaremos al resto de las agrupaciones los resultados de este acuerdo e invitaremos a participar de un comit\u00e9 de crisis, lo de la Agrupaci\u00f3n Independiente es inherente al f\u00fatbol profesional&#8221;<\/strong>, explic\u00f3 el flamante presidente.<\/p>\n<p>Por su parte, Maldonado habl\u00f3 en representaci\u00f3n de la Agrupaci\u00f3n Independiente. <strong>\u201cNo queremos tomar una ventaja pol\u00edtica, queremos dar una mano para que Independiente ascienda. Cuando est\u00e9 firmado les daremos los nombres de la gente que ocupar\u00e1 el departamento de f\u00fatbol&#8221;<\/strong>, manifest\u00f3. <strong>&#8220;La semana que viene har\u00edamos el primer aporte, pero hasta que no est\u00e9 firmado no nos presentaremos en Dom\u00ednico&#8221;<\/strong>, agreg\u00f3. Tambi\u00e9n, aprovech\u00f3 para disparar contra Javier Cantero y aclarar su pasado como dirigente: <strong>&#8220;Cantero irritaba a todo el mundo. No pod\u00eda ir a la cancha y cuando no pod\u00e9s ir, ten\u00e9s que reflexionar. Algo mal hizo para que la gente no quiera ni verlo. El \u00fanico que form\u00f3 parte de la Comisi\u00f3n de Comparada soy yo. Pedimos que el socio aliente, que se acerque y ayude al Club. La prioridad es que Independiente ascienda&#8221;<\/strong>.<\/p>\n<p><strong>La firma no se llev\u00f3 a cabo en el d\u00eda de hoy ya que varios dirigentes que tienen que formar parte de este acuerdo ten\u00edan otros compromisos laborales. Por eso, se pospuso para este viernes.<\/strong><\/p>\n","protected":false},"excerpt":{"rendered":"<p>El oficialismo y la oposici\u00f3n, homologados por la Asociaci\u00f3n del F\u00fatbol Argentino, llegaron a un acuerdo de palabra para firmar la propuesta de la Agrupaci\u00f3n Independiente y otros socios aportantes. Al finalizar la reuni\u00f3n este jueves, Claudio Keblaitis y H\u00e9ctor Maldonado lo ratificaron ante la prensa. \u201cEs hora de que todos pensemos en Independiente. El [&hellip;]<\/p>\n","protected":false},"author":1,"featured_media":35464,"comment_status":"closed","ping_status":"closed","sticky":false,"template":"","format":"standard","meta":{"_links_to":"","_links_to_target":""},"categories":[4,1],"tags":[2186,1081,153,2636],"_links":{"self":[{"href":"https:\/\/www.locoxelrojo.com\/independiente\/wp-json\/wp\/v2\/posts\/42965"}],"collection":[{"href":"https:\/\/www.locoxelrojo.com\/independiente\/wp-json\/wp\/v2\/posts"}],"about":[{"href":"https:\/\/www.locoxelrojo.com\/independiente\/wp-json\/wp\/v2\/types\/post"}],"author":[{"embeddable":true,"href":"https:\/\/www.locoxelrojo.com\/independiente\/wp-json\/wp\/v2\/users\/1"}],"replies":[{"embeddable":true,"href":"https:\/\/www.locoxelrojo.com\/independiente\/wp-json\/wp\/v2\/comments?post=42965"}],"version-history":[{"count":0,"href":"https:\/\/www.locoxelrojo.com\/independiente\/wp-json\/wp\/v2\/posts\/42965\/revisions"}],"wp:featuredmedia":[{"embeddable":true,"href":"https:\/\/www.locoxelrojo.com\/independiente\/wp-json\/wp\/v2\/media\/35464"}],"wp:attachment":[{"href":"https:\/\/www.locoxelrojo.com\/independiente\/wp-json\/wp\/v2\/media?parent=42965"}],"wp:term":[{"taxonomy":"category","embeddable":true,"href":"https:\/\/www.locoxelrojo.com\/independiente\/wp-json\/wp\/v2\/categories?post=42965"},{"taxonomy":"post_tag","embeddable":true,"href":"https:\/\/www.locoxelrojo.com\/independiente\/wp-json\/wp\/v2\/tags?post=42965"}],"curies":[{"name":"wp","href":"https:\/\/api.w.org\/{rel}","templated":true}]}}