{"id":43242,"date":"2014-05-03T05:39:56","date_gmt":"2014-05-03T08:39:56","guid":{"rendered":"http:\/\/www.locoxelrojo.com.ar\/independiente\/?p=43242"},"modified":"2014-05-03T05:49:14","modified_gmt":"2014-05-03T08:49:14","slug":"collia-no-voy-a-formar-parte-de-la-politica-de-independiente-pero-voy-a-ayudar","status":"publish","type":"post","link":"https:\/\/www.locoxelrojo.com\/independiente\/2014\/05\/03\/collia-no-voy-a-formar-parte-de-la-politica-de-independiente-pero-voy-a-ayudar\/","title":{"rendered":"Collia: \u201cNo voy a formar parte de la pol\u00edtica de Independiente, pero voy a ayudar\u201d"},"content":{"rendered":"<p>Alejandro Collia, Ministro de Salud de la Provincia de Buenos Aires e integrante de la Agrupaci\u00f3n Juventud Independiente, descart\u00f3 su participaci\u00f3n directa en la vida pol\u00edtica del club, aunque se mostr\u00f3 dispuesto a ayudar en lo que sea necesario. <strong>\u201cNo tengo intenciones de estar en alguna lista, pero s\u00ed de acompa\u00f1ar, con ideas serias monitoreadas por los socios\u201d<\/strong>, expres\u00f3.<\/p>\n<p><strong>\u201cNo voy a formar parte de la pol\u00edtica de Independiente, pero s\u00ed voy a ayudar\u201d<\/strong>, remarc\u00f3 nuevamente Collia en di\u00e1logo con <em>Campanas del Infierno<\/em>, durante <a href=\"http:\/\/www.locoxelrojo.com.ar\/independiente\/2014\/05\/03\/nakis-personalmente-le-he-pedido-a-cantero-que-no-renuncie\/\" target=\"_blank\">un debate con el dirigente opositor Noray Nakis<\/a>. El Ministro consider\u00f3 que <strong>\u201cser\u00eda muy importante tener en mente poder generar una unidad de criterios sustentadas por un proyecto\u201d<\/strong>, y puntualiz\u00f3:<strong> \u201cHay que pagar las deudas. Seguramente entender\u00e1n la situaci\u00f3n y se podr\u00e1n hacer planes. Ese es el camino\u201d<\/strong>.<\/p>\n<p>Por otro lado, Collia opin\u00f3 sobre el armado del equipo para el pr\u00f3ximo campeonato: <strong>\u201cGenerando las condiciones de seriedad va a ser mucho m\u00e1s f\u00e1cil contratar jugadores. Para traer futbolistas hay que manejar varias alternativas, posibilidades econ\u00f3micas y grupo inversor\u201d<\/strong>. A su vez, elogi\u00f3 el trabajo de Gabriel Milito en las inferiores: <strong>\u201cEs indiscutible. En la manera en la que \u00e9l est\u00e9 dispuesto, es el presente y el futuro en cuanto a formaci\u00f3n\u201d<\/strong>.<\/p>\n<p>Pocos d\u00edas despu\u00e9s de la renuncia del presidente, el Ministro hizo un balance negativo: <strong>\u201cLa salida de Cantero descomprimi\u00f3 bastante. Esto se tuvo que generar antes. Ahora hay que mirar para adelante. La \u00faltima gesti\u00f3n es producto de un oportunismo que ten\u00eda ver con la desaz\u00f3n del socio, que apoy\u00f3 algo nuevo\u201d<\/strong>. En la misma l\u00ednea, le reproch\u00f3 al oficialismo no haber escuchado propuestas de otras agrupaciones: <strong>\u201cTendr\u00edan que haber fijado una apertura seria, transparente. Hicieron juego y especulaci\u00f3n de jugar a la pol\u00edtica\u201d<\/strong>.<\/p>\n<p>De cara a los pr\u00f3ximos comicios anticipados, Collia admiti\u00f3 que <strong>\u201cla idea de fijar una fecha para la elecci\u00f3n genera una cierta tranquilidad\u201d<\/strong>, pero aclar\u00f3: \u201c<strong>Si Independiente est\u00e1 por encima de todos nosotros, ya se tendr\u00edan que haber fijado todos estos objetivos\u201d<\/strong>. Sobre las gestiones que llevaron al Rojo a este presente tan adverso, Collia se manej\u00f3 con cautela y no descalific\u00f3 a ning\u00fan dirigente: <strong>\u201cEn todas las comisiones hubo gente bien intencionada y que puede formar parte de nuevo. Todos tuvieron distintos niveles de responsabilidad. Meterlos a todos en lo mismo no est\u00e1 bien\u201d<\/strong>.<\/p>\n","protected":false},"excerpt":{"rendered":"<p>Alejandro Collia, Ministro de Salud de la Provincia de Buenos Aires e integrante de la Agrupaci\u00f3n Juventud Independiente, descart\u00f3 su participaci\u00f3n directa en la vida pol\u00edtica del club, aunque se mostr\u00f3 dispuesto a ayudar en lo que sea necesario. \u201cNo tengo intenciones de estar en alguna lista, pero s\u00ed de acompa\u00f1ar, con ideas serias monitoreadas [&hellip;]<\/p>\n","protected":false},"author":8,"featured_media":43243,"comment_status":"closed","ping_status":"closed","sticky":false,"template":"","format":"standard","meta":{"_links_to":"","_links_to_target":""},"categories":[4,1],"tags":[1674,153,723,2660],"_links":{"self":[{"href":"https:\/\/www.locoxelrojo.com\/independiente\/wp-json\/wp\/v2\/posts\/43242"}],"collection":[{"href":"https:\/\/www.locoxelrojo.com\/independiente\/wp-json\/wp\/v2\/posts"}],"about":[{"href":"https:\/\/www.locoxelrojo.com\/independiente\/wp-json\/wp\/v2\/types\/post"}],"author":[{"embeddable":true,"href":"https:\/\/www.locoxelrojo.com\/independiente\/wp-json\/wp\/v2\/users\/8"}],"replies":[{"embeddable":true,"href":"https:\/\/www.locoxelrojo.com\/independiente\/wp-json\/wp\/v2\/comments?post=43242"}],"version-history":[{"count":0,"href":"https:\/\/www.locoxelrojo.com\/independiente\/wp-json\/wp\/v2\/posts\/43242\/revisions"}],"wp:featuredmedia":[{"embeddable":true,"href":"https:\/\/www.locoxelrojo.com\/independiente\/wp-json\/wp\/v2\/media\/43243"}],"wp:attachment":[{"href":"https:\/\/www.locoxelrojo.com\/independiente\/wp-json\/wp\/v2\/media?parent=43242"}],"wp:term":[{"taxonomy":"category","embeddable":true,"href":"https:\/\/www.locoxelrojo.com\/independiente\/wp-json\/wp\/v2\/categories?post=43242"},{"taxonomy":"post_tag","embeddable":true,"href":"https:\/\/www.locoxelrojo.com\/independiente\/wp-json\/wp\/v2\/tags?post=43242"}],"curies":[{"name":"wp","href":"https:\/\/api.w.org\/{rel}","templated":true}]}}