{"id":43246,"date":"2014-05-03T05:47:07","date_gmt":"2014-05-03T08:47:07","guid":{"rendered":"http:\/\/www.locoxelrojo.com.ar\/independiente\/?p=43246"},"modified":"2014-05-03T05:48:16","modified_gmt":"2014-05-03T08:48:16","slug":"nakis-personalmente-le-he-pedido-a-cantero-que-no-renuncie","status":"publish","type":"post","link":"https:\/\/www.locoxelrojo.com\/independiente\/2014\/05\/03\/nakis-personalmente-le-he-pedido-a-cantero-que-no-renuncie\/","title":{"rendered":"Nakis: \u201cPersonalmente le he pedido a Cantero que no renuncie\u201d"},"content":{"rendered":"<p>Noray Nakis habl\u00f3 una vez m\u00e1s sobre varios temas de la vida pol\u00edtica del club y sorprendi\u00f3 con algunas declaraciones sobre Javier Cantero. El dirigente opositor cont\u00f3 que el Comit\u00e9 de Crisis nunca le exigi\u00f3 al expresidente que dejara su cargo. <strong>\u201cNo pedimos la renuncia porque no quer\u00edamos manchar la historia de Independiente\u201d<\/strong>, remarc\u00f3.<\/p>\n<p><strong>\u201cTrabajamos mucho para formar un Comit\u00e9 de Crisis, pero en ning\u00fan momento pedimos la renuncia del presidente. Personalmente le he pedido a Cantero que no renuncie\u201d<\/strong>, expres\u00f3 Nakis en di\u00e1logo con <em>Campanas del Infierno<\/em>, durante <a href=\"http:\/\/www.locoxelrojo.com.ar\/independiente\/2014\/05\/03\/collia-no-voy-a-formar-parte-de-la-politica-de-independiente-pero-voy-a-ayudar\/\" target=\"_blank\">un debate pol\u00edtico del que tambi\u00e9n particip\u00f3 Alejandro Collia<\/a>. Asimismo, no dud\u00f3 en apuntar contra el extitular del Rojo: <strong>\u201cHemos prestado un dinero muy importante, todav\u00eda me queda un saldo a cobrar. Se fue un bobo del f\u00fatbol. Estaba acostumbrado a \u2018Dame, dame\u2019, ped\u00eda dinero en efectivo, pr\u00e9stamos\u2026\u201d<\/strong>.<\/p>\n<p>Por otro lado, Noray fue claro al se\u00f1alar cu\u00e1les son sus intenciones de cara a las pr\u00f3ximas elecciones. <strong>\u201cTengo ganas de ser presidente de Independiente, pero si hay una mejor posibilidad para el club, puedo acompa\u00f1ar\u201d<\/strong>, resalt\u00f3 el dirigente, quien sigue <strong>\u201cluchando por la uni\u00f3n de todos los grupos\u201d<\/strong>. Y agreg\u00f3: <strong>\u201cEn lo que voy a hacer en el club, no tengan dudas de que voy a ser el mejor. No soy rencoroso, pero no pierdo la memoria jam\u00e1s. Cuando llegue el momento de la pol\u00edtica, hablaremos en las urnas\u201d<\/strong>.<\/p>\n<p>Sobre las tareas del Comit\u00e9 de Crisis en el \u00e1rea econ\u00f3mica, Noray explic\u00f3 que <strong>\u201cse arregl\u00f3 que desde enero a junio se paguen los haberes de los jugadores\u201d<\/strong>, y detall\u00f3:<strong> \u201cCada uno de nosotros iba a aportar un granito para levantar el n\u00famero del concurso, que est\u00e1 cercano a 9 millones seg\u00fan lo \u00faltimo que nos informaron\u201d<\/strong>. En la misma l\u00ednea, puntualiz\u00f3: <strong>\u201cNo estoy de acuerdo con la quiebra con continuidad. Independiente es rico, tiene deuda por las malas conducciones\u201d<\/strong>.<\/p>\n<p><strong>\u201cEl socio est\u00e1 hinchado las pelotas. Desde el a\u00f1o \u201896 hasta ac\u00e1, escucha todos los d\u00edas penurias y tristezas. Dale credibilidad a la gente. Independiente tiene que mostrarla de taquito\u201d<\/strong>, a\u00f1adi\u00f3 Nakis en relaci\u00f3n a la complicada realidad institucional. Tambi\u00e9n opin\u00f3 sobre los dirigentes del pasado que pueden volver al club: <strong>\u201cAlgunos de los muchachos que estuvieron en otra Comisi\u00f3n Directiva tienen que empezar desde atr\u00e1s y demostrar que no son culpables\u201d<\/strong>.<\/p>\n","protected":false},"excerpt":{"rendered":"<p>Noray Nakis habl\u00f3 una vez m\u00e1s sobre varios temas de la vida pol\u00edtica del club y sorprendi\u00f3 con algunas declaraciones sobre Javier Cantero. El dirigente opositor cont\u00f3 que el Comit\u00e9 de Crisis nunca le exigi\u00f3 al expresidente que dejara su cargo. \u201cNo pedimos la renuncia porque no quer\u00edamos manchar la historia de Independiente\u201d, remarc\u00f3. \u201cTrabajamos [&hellip;]<\/p>\n","protected":false},"author":8,"featured_media":42804,"comment_status":"closed","ping_status":"closed","sticky":false,"template":"","format":"standard","meta":{"_links_to":"","_links_to_target":""},"categories":[4,1],"tags":[1674,153,723,50],"_links":{"self":[{"href":"https:\/\/www.locoxelrojo.com\/independiente\/wp-json\/wp\/v2\/posts\/43246"}],"collection":[{"href":"https:\/\/www.locoxelrojo.com\/independiente\/wp-json\/wp\/v2\/posts"}],"about":[{"href":"https:\/\/www.locoxelrojo.com\/independiente\/wp-json\/wp\/v2\/types\/post"}],"author":[{"embeddable":true,"href":"https:\/\/www.locoxelrojo.com\/independiente\/wp-json\/wp\/v2\/users\/8"}],"replies":[{"embeddable":true,"href":"https:\/\/www.locoxelrojo.com\/independiente\/wp-json\/wp\/v2\/comments?post=43246"}],"version-history":[{"count":0,"href":"https:\/\/www.locoxelrojo.com\/independiente\/wp-json\/wp\/v2\/posts\/43246\/revisions"}],"wp:featuredmedia":[{"embeddable":true,"href":"https:\/\/www.locoxelrojo.com\/independiente\/wp-json\/wp\/v2\/media\/42804"}],"wp:attachment":[{"href":"https:\/\/www.locoxelrojo.com\/independiente\/wp-json\/wp\/v2\/media?parent=43246"}],"wp:term":[{"taxonomy":"category","embeddable":true,"href":"https:\/\/www.locoxelrojo.com\/independiente\/wp-json\/wp\/v2\/categories?post=43246"},{"taxonomy":"post_tag","embeddable":true,"href":"https:\/\/www.locoxelrojo.com\/independiente\/wp-json\/wp\/v2\/tags?post=43246"}],"curies":[{"name":"wp","href":"https:\/\/api.w.org\/{rel}","templated":true}]}}