{"id":43260,"date":"2014-05-03T15:37:28","date_gmt":"2014-05-03T18:37:28","guid":{"rendered":"http:\/\/www.locoxelrojo.com.ar\/independiente\/?p=43260"},"modified":"2014-05-03T15:37:28","modified_gmt":"2014-05-03T18:37:28","slug":"baja-importante-de-ultimo-momento","status":"publish","type":"post","link":"https:\/\/www.locoxelrojo.com\/independiente\/2014\/05\/03\/baja-importante-de-ultimo-momento\/","title":{"rendered":"Baja importante de \u00faltimo momento"},"content":{"rendered":"<p>El plantel de Independiente tuvo su \u00faltimo entrenamiento de cara al choque de ma\u00f1ana a las 15 ante Gimnasia de Jujuy y O<strong>mar De Felippe sufri\u00f3 una baja de \u00faltimo momento: Federico Mancuello no viajar\u00e1 por una fuerte contractura. \u00bfLa \u00fanica duda? Reinaldo Alderete o Franco Bellocq.<\/strong><\/p>\n<p>Se viene un encuentro importante en la vida del Rojo. No puede dejar escapar m\u00e1s puntos y deber\u00e1 buscar la victoria como visitante ante un rival <strong>que no pierde hace 13 partidos como local. Por eso, el entrenador dispuso trabajos de pelota parada, pero tuvo una mala noticia. Mancuello, con una contractura fuerte en el isquiotibial derecho, no ir\u00e1 a Jujuy. Fabi\u00e1n Monserrat se sum\u00f3 a los concentrados por esta baja.<\/strong><\/p>\n<p>En tanto, De Felippe s\u00f3lo tiene una duda para el equipo titular y recala en el mediocampo. <strong>Reinaldo Alderete y Franco Bellocq se disputan el puesto de volante central. De esta forma, los 11 para ma\u00f1ana ser\u00edan: Diego Rodr\u00edguez; Gabriel Vall\u00e9s, Cristian Tula, Sergio Ojeda, Lucas Villalba; Mart\u00edn Zapata, Franco Bellocq o Reinaldo Alderete, Hern\u00e1n Fredes; Daniel Montenegro; Adri\u00e1n Fern\u00e1ndez y Facundo Parra.<\/strong><\/p>\n<p>Los jugadores <strong>viajar\u00e1n hoy a las 18 desde Aeroparque hacia Jujuy y se hospedar\u00e1n en el hotel Los Arcos hasta el choque de ma\u00f1ana a las 15 contra el Lobo.<\/strong><\/p>\n","protected":false},"excerpt":{"rendered":"<p>El plantel de Independiente tuvo su \u00faltimo entrenamiento de cara al choque de ma\u00f1ana a las 15 ante Gimnasia de Jujuy y Omar De Felippe sufri\u00f3 una baja de \u00faltimo momento: Federico Mancuello no viajar\u00e1 por una fuerte contractura. \u00bfLa \u00fanica duda? Reinaldo Alderete o Franco Bellocq. Se viene un encuentro importante en la vida [&hellip;]<\/p>\n","protected":false},"author":11,"featured_media":43261,"comment_status":"closed","ping_status":"closed","sticky":false,"template":"","format":"standard","meta":{"_links_to":"","_links_to_target":""},"categories":[3,1],"tags":[26,48,2232,2405,2032,2137,172],"_links":{"self":[{"href":"https:\/\/www.locoxelrojo.com\/independiente\/wp-json\/wp\/v2\/posts\/43260"}],"collection":[{"href":"https:\/\/www.locoxelrojo.com\/independiente\/wp-json\/wp\/v2\/posts"}],"about":[{"href":"https:\/\/www.locoxelrojo.com\/independiente\/wp-json\/wp\/v2\/types\/post"}],"author":[{"embeddable":true,"href":"https:\/\/www.locoxelrojo.com\/independiente\/wp-json\/wp\/v2\/users\/11"}],"replies":[{"embeddable":true,"href":"https:\/\/www.locoxelrojo.com\/independiente\/wp-json\/wp\/v2\/comments?post=43260"}],"version-history":[{"count":0,"href":"https:\/\/www.locoxelrojo.com\/independiente\/wp-json\/wp\/v2\/posts\/43260\/revisions"}],"wp:featuredmedia":[{"embeddable":true,"href":"https:\/\/www.locoxelrojo.com\/independiente\/wp-json\/wp\/v2\/media\/43261"}],"wp:attachment":[{"href":"https:\/\/www.locoxelrojo.com\/independiente\/wp-json\/wp\/v2\/media?parent=43260"}],"wp:term":[{"taxonomy":"category","embeddable":true,"href":"https:\/\/www.locoxelrojo.com\/independiente\/wp-json\/wp\/v2\/categories?post=43260"},{"taxonomy":"post_tag","embeddable":true,"href":"https:\/\/www.locoxelrojo.com\/independiente\/wp-json\/wp\/v2\/tags?post=43260"}],"curies":[{"name":"wp","href":"https:\/\/api.w.org\/{rel}","templated":true}]}}