{"id":4371,"date":"2011-01-27T15:17:43","date_gmt":"2011-01-27T18:17:43","guid":{"rendered":"http:\/\/www.locoxelrojo.com.ar\/independiente\/?p=4371"},"modified":"2011-01-30T18:18:27","modified_gmt":"2011-01-30T20:18:27","slug":"regenerativo","status":"publish","type":"post","link":"https:\/\/www.locoxelrojo.com\/independiente\/2011\/01\/27\/regenerativo\/","title":{"rendered":"Regenerativo"},"content":{"rendered":"<p><a href=\"http:\/\/www.locoxelrojo.com.ar\/independiente\/wp-content\/uploads\/2011\/01\/entrenamiento-31.jpg\"><img loading=\"lazy\" class=\"alignnone size-full wp-image-4373\" title=\"entrenamiento (3)\" src=\"http:\/\/www.locoxelrojo.com.ar\/independiente\/wp-content\/uploads\/2011\/01\/entrenamiento-31.jpg\" alt=\"\" width=\"550\" height=\"315\" srcset=\"https:\/\/locoxelrojo.com\/independiente\/wp-content\/uploads\/2011\/01\/entrenamiento-31.jpg 550w, https:\/\/locoxelrojo.com\/independiente\/wp-content\/uploads\/2011\/01\/entrenamiento-31-300x171.jpg 300w\" sizes=\"(max-width: 550px) 100vw, 550px\" \/><\/a><\/p>\n<p>Los titulares trabajaron por la ma\u00f1ana en Villa Dom\u00ednico. No hubo f\u00fatbol sino trabajos regenerativos dirigidos por los preparadores f\u00edsicos Claudio Kenny y Hernan Petti. Trotes, elongaci\u00f3n y a descansar pensando en el entrenamiento de Ma\u00f1ana en donde Antonio Mohamed comenzar\u00e1 a trabajar el partido del pr\u00f3ximo martes frente a Deportivo Quito en los 2800 metros de altura.<\/p>\n<p>Independiente viaja el pr\u00f3ximo domingo a Guayaquil en vuelo comercial a las 12:30 del mediod\u00eda. Lo har\u00e1 por LAN y est\u00e1 especulado el arrivo alrrededor de las 19 horas. El plantel volver\u00e1 a hospedarse en el hotel Hilton y viajar\u00e1 el martes, 2 horas antes del partido a la altura de Quito. El protocolo ser\u00e1 el mismo que frente a la Liga. Apenas finalice el  encuentro los jugadores\u00a0volver\u00e1n a Guayaquil donde el 2 de febrero a  las\u00a07:55 partir\u00e1n de regreso a Buenos Aires, har\u00e1n escala en Lima y a  las 19:05 estar\u00e1n aterrizando en el Aeropuerto de Ezeiza.<\/p>\n","protected":false},"excerpt":{"rendered":"<p>Los titulares trabajaron por la ma\u00f1ana en Villa Dom\u00ednico. No hubo f\u00fatbol sino trabajos regenerativos dirigidos por los preparadores f\u00edsicos Claudio Kenny y Hernan Petti. Trotes, elongaci\u00f3n y a descansar pensando en el entrenamiento de Ma\u00f1ana en donde Antonio Mohamed comenzar\u00e1 a trabajar el partido del pr\u00f3ximo martes frente a Deportivo Quito en los 2800 [&hellip;]<\/p>\n","protected":false},"author":1,"featured_media":0,"comment_status":"open","ping_status":"open","sticky":false,"template":"","format":"standard","meta":{"_links_to":"","_links_to_target":""},"categories":[3,1],"tags":[264,153,285,261,262],"_links":{"self":[{"href":"https:\/\/www.locoxelrojo.com\/independiente\/wp-json\/wp\/v2\/posts\/4371"}],"collection":[{"href":"https:\/\/www.locoxelrojo.com\/independiente\/wp-json\/wp\/v2\/posts"}],"about":[{"href":"https:\/\/www.locoxelrojo.com\/independiente\/wp-json\/wp\/v2\/types\/post"}],"author":[{"embeddable":true,"href":"https:\/\/www.locoxelrojo.com\/independiente\/wp-json\/wp\/v2\/users\/1"}],"replies":[{"embeddable":true,"href":"https:\/\/www.locoxelrojo.com\/independiente\/wp-json\/wp\/v2\/comments?post=4371"}],"version-history":[{"count":0,"href":"https:\/\/www.locoxelrojo.com\/independiente\/wp-json\/wp\/v2\/posts\/4371\/revisions"}],"wp:attachment":[{"href":"https:\/\/www.locoxelrojo.com\/independiente\/wp-json\/wp\/v2\/media?parent=4371"}],"wp:term":[{"taxonomy":"category","embeddable":true,"href":"https:\/\/www.locoxelrojo.com\/independiente\/wp-json\/wp\/v2\/categories?post=4371"},{"taxonomy":"post_tag","embeddable":true,"href":"https:\/\/www.locoxelrojo.com\/independiente\/wp-json\/wp\/v2\/tags?post=4371"}],"curies":[{"name":"wp","href":"https:\/\/api.w.org\/{rel}","templated":true}]}}