{"id":43760,"date":"2014-05-21T14:37:08","date_gmt":"2014-05-21T17:37:08","guid":{"rendered":"http:\/\/www.locoxelrojo.com.ar\/independiente\/?p=43760"},"modified":"2014-05-21T15:50:47","modified_gmt":"2014-05-21T18:50:47","slug":"entrenamiento-bajo-techo","status":"publish","type":"post","link":"https:\/\/www.locoxelrojo.com\/independiente\/2014\/05\/21\/entrenamiento-bajo-techo\/","title":{"rendered":"Entrenamiento bajo techo"},"content":{"rendered":"<p><strong>El plantel de Independiente entren\u00f3 \u00e9ste mi\u00e9rcoles por la ma\u00f1ana en Vieytes, un complejo de canchas de c\u00e9sped sint\u00e9tico ubicado en el barrio de Barracas, debido a las fuertes lluvias que se registraron en los \u00faltimos d\u00edas.<\/strong><\/p>\n<p>Con la cabeza puesta en el partido del s\u00e1bado, cuando el Rojo reciba a Defensa y Justicia, <strong>Omar De Felippe dispuso trabajos f\u00edsicos y una pr\u00e1ctica de f\u00fatbol con dos equipos de seis jugadores cada uno. <\/strong><\/p>\n<p><strong>Facundo Parra y Hern\u00e1n Fredes, ambos con una distensi\u00f3n en el b\u00edceps femoral derecho, descartados para el pr\u00f3ximo encuentro, entrenaron de manera diferenciada.<\/strong>\u00a0<strong>Cristian Tula y Claudio Morel Rodr\u00edguez se quedaron trabajando en el predio de Villa Dom\u00ednico, ambos con molestias f\u00edsicas.<\/strong> En caso de que las lluvias persistan, la pr\u00e1ctica de ma\u00f1ana volver\u00e1 a ser bajo techo.<\/p>\n","protected":false},"excerpt":{"rendered":"<p>El plantel de Independiente entren\u00f3 \u00e9ste mi\u00e9rcoles por la ma\u00f1ana en Vieytes, un complejo de canchas de c\u00e9sped sint\u00e9tico ubicado en el barrio de Barracas, debido a las fuertes lluvias que se registraron en los \u00faltimos d\u00edas. Con la cabeza puesta en el partido del s\u00e1bado, cuando el Rojo reciba a Defensa y Justicia, Omar [&hellip;]<\/p>\n","protected":false},"author":20,"featured_media":43761,"comment_status":"closed","ping_status":"closed","sticky":false,"template":"","format":"standard","meta":{"_links_to":"","_links_to_target":""},"categories":[3,1],"tags":[2329,26,36,71,2032],"_links":{"self":[{"href":"https:\/\/www.locoxelrojo.com\/independiente\/wp-json\/wp\/v2\/posts\/43760"}],"collection":[{"href":"https:\/\/www.locoxelrojo.com\/independiente\/wp-json\/wp\/v2\/posts"}],"about":[{"href":"https:\/\/www.locoxelrojo.com\/independiente\/wp-json\/wp\/v2\/types\/post"}],"author":[{"embeddable":true,"href":"https:\/\/www.locoxelrojo.com\/independiente\/wp-json\/wp\/v2\/users\/20"}],"replies":[{"embeddable":true,"href":"https:\/\/www.locoxelrojo.com\/independiente\/wp-json\/wp\/v2\/comments?post=43760"}],"version-history":[{"count":0,"href":"https:\/\/www.locoxelrojo.com\/independiente\/wp-json\/wp\/v2\/posts\/43760\/revisions"}],"wp:featuredmedia":[{"embeddable":true,"href":"https:\/\/www.locoxelrojo.com\/independiente\/wp-json\/wp\/v2\/media\/43761"}],"wp:attachment":[{"href":"https:\/\/www.locoxelrojo.com\/independiente\/wp-json\/wp\/v2\/media?parent=43760"}],"wp:term":[{"taxonomy":"category","embeddable":true,"href":"https:\/\/www.locoxelrojo.com\/independiente\/wp-json\/wp\/v2\/categories?post=43760"},{"taxonomy":"post_tag","embeddable":true,"href":"https:\/\/www.locoxelrojo.com\/independiente\/wp-json\/wp\/v2\/tags?post=43760"}],"curies":[{"name":"wp","href":"https:\/\/api.w.org\/{rel}","templated":true}]}}