{"id":43777,"date":"2014-05-21T21:05:44","date_gmt":"2014-05-22T00:05:44","guid":{"rendered":"http:\/\/www.locoxelrojo.com.ar\/independiente\/?p=43777"},"modified":"2014-05-21T21:05:44","modified_gmt":"2014-05-22T00:05:44","slug":"montenegro-si-fuese-por-el-entorno-tirariamos-la-toalla","status":"publish","type":"post","link":"https:\/\/www.locoxelrojo.com\/independiente\/2014\/05\/21\/montenegro-si-fuese-por-el-entorno-tirariamos-la-toalla\/","title":{"rendered":"Montenegro: \u201cSi fuese por el entorno, tirar\u00edamos la toalla\u201d"},"content":{"rendered":"<p>Daniel Montenegro habl\u00f3 sobre la dif\u00edcil situaci\u00f3n institucional y cont\u00f3 que el entorno afecta al rendimiento de los jugadores. <strong>\u201cEs para hablar 50 horas de lo que pasa en este club, porque cada d\u00eda que te levant\u00e1s ves algo nuevo\u201d<\/strong>, remarc\u00f3. Adem\u00e1s, se defendi\u00f3 de las cr\u00edticas sobre su nivel adentro de la cancha y respald\u00f3 a sus compa\u00f1eros.<\/p>\n<p><strong>\u201cDesde que empez\u00f3 el torneo no hubo ninguna noticia buena. El equipo estuvo 13 partidos sin perder y siempre se hablaba de algo. Nosotros hacemos lo que tenemos que hacer, jugamos, demostramos que queremos ascender, porque si fuese por el entorno cada uno de nosotros tirar\u00eda la toalla y mirar\u00eda para otro lado\u201d<\/strong>, analiz\u00f3 el Rolfi en conferencia de prensa, y agreg\u00f3:<strong> \u201cTodos dimos la cara y estuvimos. Eso es lo m\u00e1s importante y lo valorable de este grupo, que se hizo fuerte en todo lo que hemos vivido y sigue fuerte y firme con las ganas de poder ascender\u201d<\/strong>.<\/p>\n<p><strong>\u201cEs un conjunto de cosas. En su momento Omar lo dijo, y parece que hubiese sido una bomba cuando dijo que esto es un quilombo\u201d<\/strong>, dispar\u00f3 Montenegro, visiblemente molesto por la situaci\u00f3n, y sigui\u00f3 con su descargo: <strong>\u201cLa gente que est\u00e1 ac\u00e1 tiene derecho a cobrar, pero no est\u00e1 bueno que no podamos venir a entrenar a nuestro club cuando hagan paro o quemen gomas. Pasa todo en este club, no estamos ausentes de todo eso, pero nadie lo ve\u201d<\/strong>.<\/p>\n<p>A pesar de los problemas que complican el d\u00eda a d\u00eda del plantel, el Rolfi aclar\u00f3 que el plantel nunca se desvi\u00f3 del objetivo: <strong>\u201cPasa algo en el club y somos culpables nosotros. Lo que m\u00e1s vale es lo que pase adentro del campo de juego, lo que pase afuera a mucha gente no le interesa. Nosotros nos hacemos cargo de lo futbol\u00edstico. Lo que m\u00e1s queremos es ascender, lo demostramos y nunca nos quejamos de esto\u201d<\/strong>.<\/p>\n<p>Por otro lado, el \u201c10\u201d se refiri\u00f3 a la posibilidad de que el entrenador no lo incluyera entre los titulares: <strong>\u201cSi cree que no soy \u00fatil para el equipo, me va a sacar. Por ah\u00ed, se analiza el Rolfi de hace 15 a\u00f1os y ya no soy el mismo. El fin de semana jugu\u00e9 de 10, de 5 y de 8, y nadie lo ve. A esta altura, que tengo 35 a\u00f1os, me perd\u00ed un solo partido porque no pude jugar\u201d<\/strong>. En la misma l\u00ednea, defendi\u00f3 a los m\u00e1s experimentados del plantel: <strong>\u201cEscucho cada 5 minutos que no hay referentes, y los tres a los que apuntan son los que m\u00e1s partidos jugaron. Estuvimos dando la cara, bien o mal\u201d<\/strong>.<\/p>\n<p>Consultado sobre su futuro una vez que termine el torneo, Montenegro no dio precisiones: <strong>\u201cMi contrato termina con Patronato, ah\u00ed veremos lo que va a pasar en este club. Siempre tengo ganas de seguir, pero hay que ver muchas cosas, no es f\u00e1cil en este momento hablar con alguien porque estamos en la incertidumbre de lo que va a pasar\u201d<\/strong>. En tanto, dio su punto de vista sobre la situaci\u00f3n de Independiente en la recta final: <strong>\u201cEst\u00e1 todo muy apretado, pero dependemos de nosotros. Si hacemos lo que tenemos que hacer, hay muchas chances. Todos nos jugamos mucho y el club tambi\u00e9n se juega mucho\u201d<\/strong>.<\/p>\n","protected":false},"excerpt":{"rendered":"<p>Daniel Montenegro habl\u00f3 sobre la dif\u00edcil situaci\u00f3n institucional y cont\u00f3 que el entorno afecta al rendimiento de los jugadores. \u201cEs para hablar 50 horas de lo que pasa en este club, porque cada d\u00eda que te levant\u00e1s ves algo nuevo\u201d, remarc\u00f3. Adem\u00e1s, se defendi\u00f3 de las cr\u00edticas sobre su nivel adentro de la cancha y [&hellip;]<\/p>\n","protected":false},"author":8,"featured_media":43780,"comment_status":"closed","ping_status":"closed","sticky":false,"template":"","format":"standard","meta":{"_links_to":"","_links_to_target":""},"categories":[3,1],"tags":[2330,153,1859,2032],"_links":{"self":[{"href":"https:\/\/www.locoxelrojo.com\/independiente\/wp-json\/wp\/v2\/posts\/43777"}],"collection":[{"href":"https:\/\/www.locoxelrojo.com\/independiente\/wp-json\/wp\/v2\/posts"}],"about":[{"href":"https:\/\/www.locoxelrojo.com\/independiente\/wp-json\/wp\/v2\/types\/post"}],"author":[{"embeddable":true,"href":"https:\/\/www.locoxelrojo.com\/independiente\/wp-json\/wp\/v2\/users\/8"}],"replies":[{"embeddable":true,"href":"https:\/\/www.locoxelrojo.com\/independiente\/wp-json\/wp\/v2\/comments?post=43777"}],"version-history":[{"count":0,"href":"https:\/\/www.locoxelrojo.com\/independiente\/wp-json\/wp\/v2\/posts\/43777\/revisions"}],"wp:featuredmedia":[{"embeddable":true,"href":"https:\/\/www.locoxelrojo.com\/independiente\/wp-json\/wp\/v2\/media\/43780"}],"wp:attachment":[{"href":"https:\/\/www.locoxelrojo.com\/independiente\/wp-json\/wp\/v2\/media?parent=43777"}],"wp:term":[{"taxonomy":"category","embeddable":true,"href":"https:\/\/www.locoxelrojo.com\/independiente\/wp-json\/wp\/v2\/categories?post=43777"},{"taxonomy":"post_tag","embeddable":true,"href":"https:\/\/www.locoxelrojo.com\/independiente\/wp-json\/wp\/v2\/tags?post=43777"}],"curies":[{"name":"wp","href":"https:\/\/api.w.org\/{rel}","templated":true}]}}