{"id":4395,"date":"2011-01-29T16:24:01","date_gmt":"2011-01-29T18:24:01","guid":{"rendered":"http:\/\/www.locoxelrojo.com.ar\/independiente\/?p=4395"},"modified":"2011-01-30T18:20:18","modified_gmt":"2011-01-30T20:20:18","slug":"navarro-hay-que-sacarles-la-pelota-y-jugar-lo-mas-corto-posible","status":"publish","type":"post","link":"https:\/\/www.locoxelrojo.com\/independiente\/2011\/01\/29\/navarro-hay-que-sacarles-la-pelota-y-jugar-lo-mas-corto-posible\/","title":{"rendered":"Navarro: &#8220;Hay que sacarles la pelota y jugar lo m\u00e1s corto posible&#8221;"},"content":{"rendered":"<p><a href=\"http:\/\/www.locoxelrojo.com.ar\/independiente\/wp-content\/uploads\/2011\/01\/hilario_navarro.jpg\"><img loading=\"lazy\" class=\"alignnone size-full wp-image-4396\" title=\"hilario_navarro\" src=\"http:\/\/www.locoxelrojo.com.ar\/independiente\/wp-content\/uploads\/2011\/01\/hilario_navarro.jpg\" alt=\"\" width=\"550\" height=\"315\" srcset=\"https:\/\/locoxelrojo.com\/independiente\/wp-content\/uploads\/2011\/01\/hilario_navarro.jpg 550w, https:\/\/locoxelrojo.com\/independiente\/wp-content\/uploads\/2011\/01\/hilario_navarro-300x171.jpg 300w\" sizes=\"(max-width: 550px) 100vw, 550px\" \/><\/a><\/p>\n<p>Hilario Navarro dialog\u00f3 con la prensa terminado el entrenamiento en Villa Dom\u00ednico y aclar\u00f3 que en Quito se debe proteger la pelota y jugar en corto. El objetivo de local se cumpli\u00f3 y ahora Independiente buscar\u00e1 repetir el partido frente a Liga de Quito por la Copa Sudamericana.<\/p>\n<p>&#8220;<strong>El objetivo nuestro era ganar y que no nos conviertan goles y se dio como quer\u00edamos nosotros.<\/strong>&#8220;, asegur\u00f3 el arquero quien adem\u00e1s agreg\u00f3 que &#8220;<strong>ahora tenemos que ir a hacer un partido inteligente porque sabemos lo que es la altura<\/strong>&#8220;. En cuanto al estado animico del grupo, no hay nada mejor que comenzar el semestre ganando. &#8220;<strong>Estamos bien y con mucha confianza<\/strong>&#8220;, dijo el arquero.<\/p>\n<p>Respecto al planteo, Hilario sostuvo que trataremos de pasar esta fase con la posesi\u00f3n del bal\u00f3n. &#8220;<strong>Hay que sacarles la pelota y jugar lo m\u00e1s corto posible. Estoy mentalizado de que vamos a manejar la pelota, como contra Liga en donde hicimos un gran primer tiempo. Podemos jugar en la alutra como nosotros queremos. Trataremos de hacer el partido que imaginamos<\/strong>&#8220;, concluy\u00f3.<\/p>\n","protected":false},"excerpt":{"rendered":"<p>Hilario Navarro dialog\u00f3 con la prensa terminado el entrenamiento en Villa Dom\u00ednico y aclar\u00f3 que en Quito se debe proteger la pelota y jugar en corto. El objetivo de local se cumpli\u00f3 y ahora Independiente buscar\u00e1 repetir el partido frente a Liga de Quito por la Copa Sudamericana. &#8220;El objetivo nuestro era ganar y que [&hellip;]<\/p>\n","protected":false},"author":1,"featured_media":0,"comment_status":"open","ping_status":"open","sticky":false,"template":"","format":"standard","meta":{"_links_to":"","_links_to_target":""},"categories":[494,3,1],"tags":[153,285,76],"_links":{"self":[{"href":"https:\/\/www.locoxelrojo.com\/independiente\/wp-json\/wp\/v2\/posts\/4395"}],"collection":[{"href":"https:\/\/www.locoxelrojo.com\/independiente\/wp-json\/wp\/v2\/posts"}],"about":[{"href":"https:\/\/www.locoxelrojo.com\/independiente\/wp-json\/wp\/v2\/types\/post"}],"author":[{"embeddable":true,"href":"https:\/\/www.locoxelrojo.com\/independiente\/wp-json\/wp\/v2\/users\/1"}],"replies":[{"embeddable":true,"href":"https:\/\/www.locoxelrojo.com\/independiente\/wp-json\/wp\/v2\/comments?post=4395"}],"version-history":[{"count":0,"href":"https:\/\/www.locoxelrojo.com\/independiente\/wp-json\/wp\/v2\/posts\/4395\/revisions"}],"wp:attachment":[{"href":"https:\/\/www.locoxelrojo.com\/independiente\/wp-json\/wp\/v2\/media?parent=4395"}],"wp:term":[{"taxonomy":"category","embeddable":true,"href":"https:\/\/www.locoxelrojo.com\/independiente\/wp-json\/wp\/v2\/categories?post=4395"},{"taxonomy":"post_tag","embeddable":true,"href":"https:\/\/www.locoxelrojo.com\/independiente\/wp-json\/wp\/v2\/tags?post=4395"}],"curies":[{"name":"wp","href":"https:\/\/api.w.org\/{rel}","templated":true}]}}