{"id":43970,"date":"2014-05-26T14:52:17","date_gmt":"2014-05-26T17:52:17","guid":{"rendered":"http:\/\/www.locoxelrojo.com.ar\/independiente\/?p=43970"},"modified":"2014-05-26T14:52:17","modified_gmt":"2014-05-26T17:52:17","slug":"insua-queriamos-ir-a-cordoba-arriba-de-instituto-en-la-tabla","status":"publish","type":"post","link":"https:\/\/www.locoxelrojo.com\/independiente\/2014\/05\/26\/insua-queriamos-ir-a-cordoba-arriba-de-instituto-en-la-tabla\/","title":{"rendered":"Ins\u00faa: &#8220;Quer\u00edamos ir a C\u00f3rdoba arriba de Instituto en la tabla&#8221;"},"content":{"rendered":"<p><strong>Federico Ins\u00faa destac\u00f3 la importancia de llegar arriba de Instituto en la tabla de posiciones de cara al trascendental partido del pr\u00f3ximo fin de semana en C\u00f3rdoba. Adem\u00e1s, resalt\u00f3 la actitud del equipo en los \u00faltimos encuentros.<\/strong><\/p>\n<p><strong>&#8220;Quer\u00edamos ir a C\u00f3rdoba arriba de Instituto en la tabla y por suerte, lo logramos&#8221;<\/strong>, expres\u00f3 el Pocho en di\u00e1logo con ESPN. <strong>&#8220;La actitud en esta instancia gana partidos. Lo del otro d\u00eda fue muy bueno, ante un equipo ya ascendido&#8221;<\/strong>, explic\u00f3 en relaci\u00f3n al triunfo con Defensa y Justicia.<\/p>\n<p>Luego, se refiri\u00f3 a su relaci\u00f3n con Omar De Felippe y su situaci\u00f3n dentro del plantel. <strong>&#8220;El entrenador tuvo que tomar decisiones. En alg\u00fan partido no me toc\u00f3 estar, pero apoy\u00e9 desde afuera para tratar de sumar&#8221;<\/strong>, opin\u00f3. <strong>&#8220;De Felippe es un tipo muy frontal y dice lo que siente&#8221;<\/strong>, agreg\u00f3.<\/p>\n<p>Para finalizar, dej\u00f3 en claro, una vez m\u00e1s, cu\u00e1l es el objetivo:<strong> &#8220;Nuestra obligaci\u00f3n es ascender. Estamos intentando todo para conseguirlo&#8221;<\/strong>.<\/p>\n","protected":false},"excerpt":{"rendered":"<p>Federico Ins\u00faa destac\u00f3 la importancia de llegar arriba de Instituto en la tabla de posiciones de cara al trascendental partido del pr\u00f3ximo fin de semana en C\u00f3rdoba. Adem\u00e1s, resalt\u00f3 la actitud del equipo en los \u00faltimos encuentros. &#8220;Quer\u00edamos ir a C\u00f3rdoba arriba de Instituto en la tabla y por suerte, lo logramos&#8221;, expres\u00f3 el Pocho [&hellip;]<\/p>\n","protected":false},"author":1,"featured_media":43971,"comment_status":"closed","ping_status":"closed","sticky":false,"template":"","format":"standard","meta":{"_links_to":"","_links_to_target":""},"categories":[3,1],"tags":[701],"_links":{"self":[{"href":"https:\/\/www.locoxelrojo.com\/independiente\/wp-json\/wp\/v2\/posts\/43970"}],"collection":[{"href":"https:\/\/www.locoxelrojo.com\/independiente\/wp-json\/wp\/v2\/posts"}],"about":[{"href":"https:\/\/www.locoxelrojo.com\/independiente\/wp-json\/wp\/v2\/types\/post"}],"author":[{"embeddable":true,"href":"https:\/\/www.locoxelrojo.com\/independiente\/wp-json\/wp\/v2\/users\/1"}],"replies":[{"embeddable":true,"href":"https:\/\/www.locoxelrojo.com\/independiente\/wp-json\/wp\/v2\/comments?post=43970"}],"version-history":[{"count":0,"href":"https:\/\/www.locoxelrojo.com\/independiente\/wp-json\/wp\/v2\/posts\/43970\/revisions"}],"wp:featuredmedia":[{"embeddable":true,"href":"https:\/\/www.locoxelrojo.com\/independiente\/wp-json\/wp\/v2\/media\/43971"}],"wp:attachment":[{"href":"https:\/\/www.locoxelrojo.com\/independiente\/wp-json\/wp\/v2\/media?parent=43970"}],"wp:term":[{"taxonomy":"category","embeddable":true,"href":"https:\/\/www.locoxelrojo.com\/independiente\/wp-json\/wp\/v2\/categories?post=43970"},{"taxonomy":"post_tag","embeddable":true,"href":"https:\/\/www.locoxelrojo.com\/independiente\/wp-json\/wp\/v2\/tags?post=43970"}],"curies":[{"name":"wp","href":"https:\/\/api.w.org\/{rel}","templated":true}]}}