{"id":43974,"date":"2014-05-26T14:30:11","date_gmt":"2014-05-26T17:30:11","guid":{"rendered":"http:\/\/www.locoxelrojo.com.ar\/independiente\/?p=43974"},"modified":"2014-05-27T01:00:32","modified_gmt":"2014-05-27T04:00:32","slug":"bellocq-vamos-a-cordoba-a-jugarnos-la-vida","status":"publish","type":"post","link":"https:\/\/www.locoxelrojo.com\/independiente\/2014\/05\/26\/bellocq-vamos-a-cordoba-a-jugarnos-la-vida\/","title":{"rendered":"Bellocq: \u201cVamos a C\u00f3rdoba a jugarnos la vida\u201d"},"content":{"rendered":"<p><strong>Franco Bellocq asegur\u00f3 que el equipo ir\u00e1 a C\u00f3rdoba el pr\u00f3ximo domingo a \u201cjugar la final del mundo\u201d contra Instituto. Adem\u00e1s, remarc\u00f3 la actitud del equipo y elogi\u00f3 la buena t\u00e9cnica de algunos de sus compa\u00f1eros.<\/strong><\/p>\n<p>El mediocampista dialog\u00f3 con la prensa una vez finalizado el entrenamiento de este lunes por la ma\u00f1ana y manifest\u00f3 que deben ganar los dos partidos que quedan. <strong>\u201cNosotros tenemos tres finales, por suerte ya cumplimos con una, nos quedan dos. Ahora vamos a C\u00f3rdoba a jugar la final del mundo, a jugarnos la vida\u201d<\/strong>, expres\u00f3.<\/p>\n<p>Por otra parte, hizo referencia a la voluntad de sus compa\u00f1eros para poder revertir el resultado ante Defensa y Justicia y quedarse con los tres puntos: <strong>\u201cPara nosotros era un final la que salimos a jugar. Tuvimos altibajos y la desgracia de arrancar abajo, pero hay que rescatar la actitud del equipo\u201d<\/strong>.<\/p>\n<p>Adem\u00e1s, admiti\u00f3 que la presi\u00f3n por conseguir el ascenso genera un compromiso extra: <strong>\u201cSab\u00edamos que los partidos desde el primero hab\u00eda que jugarlos as\u00ed, pero estamos en una instancia donde no podemos regalar puntos, entonces a veces esa cuota de actitud que tenemos que sacar en el medio de un partido para levantarlo, se est\u00e1 viendo ahora\u201d<\/strong>.<\/p>\n<p>Para finalizar, valor\u00f3 la importancia de tener como compa\u00f1eros a jugadores de buen pie. <strong>\u201cTenemos la suerte de contar con Montenegro, Ins\u00faa y Pisano\u201d<\/strong>, cerr\u00f3.<\/p>\n","protected":false},"excerpt":{"rendered":"<p>Franco Bellocq asegur\u00f3 que el equipo ir\u00e1 a C\u00f3rdoba el pr\u00f3ximo domingo a \u201cjugar la final del mundo\u201d contra Instituto. Adem\u00e1s, remarc\u00f3 la actitud del equipo y elogi\u00f3 la buena t\u00e9cnica de algunos de sus compa\u00f1eros. El mediocampista dialog\u00f3 con la prensa una vez finalizado el entrenamiento de este lunes por la ma\u00f1ana y manifest\u00f3 [&hellip;]<\/p>\n","protected":false},"author":20,"featured_media":43975,"comment_status":"closed","ping_status":"closed","sticky":false,"template":"","format":"standard","meta":{"_links_to":"","_links_to_target":""},"categories":[3,1],"tags":[2232],"_links":{"self":[{"href":"https:\/\/www.locoxelrojo.com\/independiente\/wp-json\/wp\/v2\/posts\/43974"}],"collection":[{"href":"https:\/\/www.locoxelrojo.com\/independiente\/wp-json\/wp\/v2\/posts"}],"about":[{"href":"https:\/\/www.locoxelrojo.com\/independiente\/wp-json\/wp\/v2\/types\/post"}],"author":[{"embeddable":true,"href":"https:\/\/www.locoxelrojo.com\/independiente\/wp-json\/wp\/v2\/users\/20"}],"replies":[{"embeddable":true,"href":"https:\/\/www.locoxelrojo.com\/independiente\/wp-json\/wp\/v2\/comments?post=43974"}],"version-history":[{"count":0,"href":"https:\/\/www.locoxelrojo.com\/independiente\/wp-json\/wp\/v2\/posts\/43974\/revisions"}],"wp:featuredmedia":[{"embeddable":true,"href":"https:\/\/www.locoxelrojo.com\/independiente\/wp-json\/wp\/v2\/media\/43975"}],"wp:attachment":[{"href":"https:\/\/www.locoxelrojo.com\/independiente\/wp-json\/wp\/v2\/media?parent=43974"}],"wp:term":[{"taxonomy":"category","embeddable":true,"href":"https:\/\/www.locoxelrojo.com\/independiente\/wp-json\/wp\/v2\/categories?post=43974"},{"taxonomy":"post_tag","embeddable":true,"href":"https:\/\/www.locoxelrojo.com\/independiente\/wp-json\/wp\/v2\/tags?post=43974"}],"curies":[{"name":"wp","href":"https:\/\/api.w.org\/{rel}","templated":true}]}}