{"id":4398,"date":"2011-01-29T15:40:05","date_gmt":"2011-01-29T18:40:05","guid":{"rendered":"http:\/\/www.locoxelrojo.com.ar\/independiente\/?p=4398"},"modified":"2015-09-09T16:44:00","modified_gmt":"2015-09-09T19:44:00","slug":"rumbo-a-quito","status":"publish","type":"post","link":"https:\/\/www.locoxelrojo.com\/independiente\/2011\/01\/29\/rumbo-a-quito\/","title":{"rendered":"Rumbo a Quito"},"content":{"rendered":"<p><a href=\"http:\/\/www.locoxelrojo.com.ar\/independiente\/wp-content\/uploads\/2011\/01\/entrenamiento_independiente.jpg\"><img loading=\"lazy\" class=\"alignnone size-full wp-image-4399\" title=\"entrenamiento_independiente\" src=\"http:\/\/www.locoxelrojo.com.ar\/independiente\/wp-content\/uploads\/2011\/01\/entrenamiento_independiente.jpg\" alt=\"\" width=\"550\" height=\"315\" srcset=\"https:\/\/locoxelrojo.com\/independiente\/wp-content\/uploads\/2011\/01\/entrenamiento_independiente.jpg 550w, https:\/\/locoxelrojo.com\/independiente\/wp-content\/uploads\/2011\/01\/entrenamiento_independiente-300x171.jpg 300w\" sizes=\"(max-width: 550px) 100vw, 550px\" \/><\/a><\/p>\n<p>En la ma\u00f1ana de hoy hubo 40 minutos de f\u00fatbol y luego atenci\u00f3n a la prensa. Pasadas las 12 del mediod\u00eda del domingo, Independiente viajar\u00e1 a Quito desde Ezeiza por LAN y se espera un vuelo de alrrededor de 7 horas hacia Guayaquil.<\/p>\n<p>Mohamed ha dejado afuera a Hernan Fredes y Nicol\u00e1s Martinez por lesi\u00f3n y a Brian Nieva porque Independiente necesita mayor\u00eda de volantes en la altura. La delegaci\u00f3n, encabezada por Julio Comparada, qued\u00f3 entonces conformada por 22 jugadores:<\/p>\n<div><strong>Arqueros:<\/strong> Hilario Navarro, Adri\u00e1n Gabbarini, Fabi\u00e1n Gabbarini.<br \/>\n<strong>Defensores:<\/strong> Ignacio Barcia, Lucas Marequie, Carlos Matheu, Eduardo Tuzzio, Iv\u00e1n V\u00e9lez, Maximiliano Vel\u00e1zquez, Juli\u00e1n Vel\u00e1zquez.<br \/>\n<strong>Volantes:<\/strong> Roberto Batti\u00f3n, Nicol\u00e1s Cabrera, Fernando Godoy, Leandro Graci\u00e1n, Federico Mancuello, Iv\u00e1n P\u00e9rez, Cristian Pellerano.<br \/>\n<strong>Delanteros:<\/strong> Patricio Rodr\u00edguez, Mat\u00edas Defederico, Mart\u00edn G\u00f3mez, Facundo Parra, Andr\u00e9s Silvera.<\/div>\n","protected":false},"excerpt":{"rendered":"<p>En la ma\u00f1ana de hoy hubo 40 minutos de f\u00fatbol y luego atenci\u00f3n a la prensa. Pasadas las 12 del mediod\u00eda del domingo, Independiente viajar\u00e1 a Quito desde Ezeiza por LAN y se espera un vuelo de alrrededor de 7 horas hacia Guayaquil. Mohamed ha dejado afuera a Hernan Fredes y Nicol\u00e1s Martinez por lesi\u00f3n [&hellip;]<\/p>\n","protected":false},"author":1,"featured_media":0,"comment_status":"open","ping_status":"open","sticky":false,"template":"","format":"standard","meta":{"_links_to":"","_links_to_target":""},"categories":[494,3,1],"tags":[153,285,554,261],"_links":{"self":[{"href":"https:\/\/www.locoxelrojo.com\/independiente\/wp-json\/wp\/v2\/posts\/4398"}],"collection":[{"href":"https:\/\/www.locoxelrojo.com\/independiente\/wp-json\/wp\/v2\/posts"}],"about":[{"href":"https:\/\/www.locoxelrojo.com\/independiente\/wp-json\/wp\/v2\/types\/post"}],"author":[{"embeddable":true,"href":"https:\/\/www.locoxelrojo.com\/independiente\/wp-json\/wp\/v2\/users\/1"}],"replies":[{"embeddable":true,"href":"https:\/\/www.locoxelrojo.com\/independiente\/wp-json\/wp\/v2\/comments?post=4398"}],"version-history":[{"count":0,"href":"https:\/\/www.locoxelrojo.com\/independiente\/wp-json\/wp\/v2\/posts\/4398\/revisions"}],"wp:attachment":[{"href":"https:\/\/www.locoxelrojo.com\/independiente\/wp-json\/wp\/v2\/media?parent=4398"}],"wp:term":[{"taxonomy":"category","embeddable":true,"href":"https:\/\/www.locoxelrojo.com\/independiente\/wp-json\/wp\/v2\/categories?post=4398"},{"taxonomy":"post_tag","embeddable":true,"href":"https:\/\/www.locoxelrojo.com\/independiente\/wp-json\/wp\/v2\/tags?post=4398"}],"curies":[{"name":"wp","href":"https:\/\/api.w.org\/{rel}","templated":true}]}}