{"id":44000,"date":"2014-05-27T16:12:51","date_gmt":"2014-05-27T19:12:51","guid":{"rendered":"http:\/\/www.locoxelrojo.com.ar\/independiente\/?p=44000"},"modified":"2014-05-27T21:17:55","modified_gmt":"2014-05-28T00:17:55","slug":"reducido-en-dominico-2","status":"publish","type":"post","link":"https:\/\/www.locoxelrojo.com\/independiente\/2014\/05\/27\/reducido-en-dominico-2\/","title":{"rendered":"Reducido en Dom\u00ednico"},"content":{"rendered":"<p><strong>Independiente entren\u00f3 este martes en el predio de Villa Dom\u00ednico con Federico Mancuello y Daniel Montenegro a la par de sus compa\u00f1eros. <\/strong><\/p>\n<p>El Rojo practic\u00f3 esta ma\u00f1ana en el complejo de Santo Domingo y <strong>realiz\u00f3 trabajos con pelota en espacios reducidos<\/strong>. La buena noticia para Omar De Felippe es la recuperaci\u00f3n de Mancuello y Montenegro. Por su parte, <strong>Hern\u00e1n Fredes, Facundo Parra y Marcelo Vidal se movieron en forma diferenciada.<\/strong><\/p>\n<p><strong>La duda del entrenador pasa por el reemplazante de Claudio Morel Rodr\u00edguez<\/strong>, expulsado en el triunfo con Defensa y Justicia. <strong>De Felippe eval\u00faa la inclusi\u00f3n de Lucas Villalba o el propio Mancuello<\/strong>, en una posici\u00f3n que ocup\u00f3 en varias oportunidades.<\/p>\n","protected":false},"excerpt":{"rendered":"<p>Independiente entren\u00f3 este martes en el predio de Villa Dom\u00ednico con Federico Mancuello y Daniel Montenegro a la par de sus compa\u00f1eros. El Rojo practic\u00f3 esta ma\u00f1ana en el complejo de Santo Domingo y realiz\u00f3 trabajos con pelota en espacios reducidos. La buena noticia para Omar De Felippe es la recuperaci\u00f3n de Mancuello y Montenegro. [&hellip;]<\/p>\n","protected":false},"author":1,"featured_media":44001,"comment_status":"closed","ping_status":"closed","sticky":false,"template":"","format":"standard","meta":{"_links_to":"","_links_to_target":""},"categories":[3,1],"tags":[1859,26,36,48,71,453,2032,172],"_links":{"self":[{"href":"https:\/\/www.locoxelrojo.com\/independiente\/wp-json\/wp\/v2\/posts\/44000"}],"collection":[{"href":"https:\/\/www.locoxelrojo.com\/independiente\/wp-json\/wp\/v2\/posts"}],"about":[{"href":"https:\/\/www.locoxelrojo.com\/independiente\/wp-json\/wp\/v2\/types\/post"}],"author":[{"embeddable":true,"href":"https:\/\/www.locoxelrojo.com\/independiente\/wp-json\/wp\/v2\/users\/1"}],"replies":[{"embeddable":true,"href":"https:\/\/www.locoxelrojo.com\/independiente\/wp-json\/wp\/v2\/comments?post=44000"}],"version-history":[{"count":0,"href":"https:\/\/www.locoxelrojo.com\/independiente\/wp-json\/wp\/v2\/posts\/44000\/revisions"}],"wp:featuredmedia":[{"embeddable":true,"href":"https:\/\/www.locoxelrojo.com\/independiente\/wp-json\/wp\/v2\/media\/44001"}],"wp:attachment":[{"href":"https:\/\/www.locoxelrojo.com\/independiente\/wp-json\/wp\/v2\/media?parent=44000"}],"wp:term":[{"taxonomy":"category","embeddable":true,"href":"https:\/\/www.locoxelrojo.com\/independiente\/wp-json\/wp\/v2\/categories?post=44000"},{"taxonomy":"post_tag","embeddable":true,"href":"https:\/\/www.locoxelrojo.com\/independiente\/wp-json\/wp\/v2\/tags?post=44000"}],"curies":[{"name":"wp","href":"https:\/\/api.w.org\/{rel}","templated":true}]}}