{"id":4401,"date":"2011-01-29T16:01:03","date_gmt":"2011-01-29T19:01:03","guid":{"rendered":"http:\/\/www.locoxelrojo.com.ar\/independiente\/?p=4401"},"modified":"2011-01-30T17:19:52","modified_gmt":"2011-01-30T20:19:52","slug":"con-suplentes-gano-deportivo-quito","status":"publish","type":"post","link":"https:\/\/www.locoxelrojo.com\/independiente\/2011\/01\/29\/con-suplentes-gano-deportivo-quito\/","title":{"rendered":"Con suplentes, gan\u00f3 Deportivo Quito"},"content":{"rendered":"<p><a href=\"http:\/\/www.locoxelrojo.com.ar\/independiente\/wp-content\/uploads\/2011\/01\/deportivo_Quito_manta.jpg\"><img loading=\"lazy\" class=\"alignnone size-full wp-image-4402\" title=\"deportivo_Quito_manta\" src=\"http:\/\/www.locoxelrojo.com.ar\/independiente\/wp-content\/uploads\/2011\/01\/deportivo_Quito_manta.jpg\" alt=\"\" width=\"550\" height=\"315\" srcset=\"https:\/\/locoxelrojo.com\/independiente\/wp-content\/uploads\/2011\/01\/deportivo_Quito_manta.jpg 550w, https:\/\/locoxelrojo.com\/independiente\/wp-content\/uploads\/2011\/01\/deportivo_Quito_manta-300x171.jpg 300w\" sizes=\"(max-width: 550px) 100vw, 550px\" \/><\/a><\/p>\n<p>Por el comienzo del torneo ecuatoriano, Deportivo Quito -a\u00fan reservando sus titulares para enfrentar a Independiente- derrot\u00f3 a Manta F.C. por 2-1. A los 9 minutos abri\u00f3 la red Michael Quino\u00f1ez, mientras que 3 minutos despu\u00e9s el juvenil Pedro Pablo Velasco convirti\u00f3 el segundo gol.<\/p>\n<p>Deportivo Quito form\u00f3 con <strong> <\/strong>Marcelo Elizaga; Luis Checa, Mariano Mina, Isaac Mina,  Pedro Velasco; \u00c1ngel Escobar (Byron Cano), Segundo Castillo, Alex  Bola\u00f1os, Gustavo Rodas (fue reemplazado por Juan Carlos Paredes), Michael Qui\u00f1\u00f3nez (luego ingres\u00f3 Luis  Fernando Saritama) y Luis Perea.<\/p>\n<p>Por lo que pudo verse, Deportivo Quito tuvo serios problemas con los contragolpes del Manta F .C. Si bien Perea y Escobar perdieron varias chances de gol por falta de definici\u00f3n, los dirigidos por Fabian Bustos se volcaron al ataque para cerrar el partido y quedaron mal parados de cara a los ataques r\u00e1pidos organizados por el mediocampo y los delanteros de Manta.<\/p>\n<p>Para Independiente no ser\u00e1 nada f\u00e1cil pero, por lo que pudo verse en el mediod\u00eda argentino, habr\u00e1 que aguantar la pelota e intentar jugar con la desesperaci\u00f3n en ataque para poder salir r\u00e1pido de contragolpe. Los ecuatorianos mostraron problemas en el orden defensivo y falta de marca en los laterales.<\/p>\n","protected":false},"excerpt":{"rendered":"<p>Por el comienzo del torneo ecuatoriano, Deportivo Quito -a\u00fan reservando sus titulares para enfrentar a Independiente- derrot\u00f3 a Manta F.C. por 2-1. A los 9 minutos abri\u00f3 la red Michael Quino\u00f1ez, mientras que 3 minutos despu\u00e9s el juvenil Pedro Pablo Velasco convirti\u00f3 el segundo gol. Deportivo Quito form\u00f3 con Marcelo Elizaga; Luis Checa, Mariano Mina, [&hellip;]<\/p>\n","protected":false},"author":1,"featured_media":0,"comment_status":"open","ping_status":"open","sticky":false,"template":"","format":"standard","meta":{"_links_to":"","_links_to_target":""},"categories":[494,1],"tags":[285,508,556,557],"_links":{"self":[{"href":"https:\/\/www.locoxelrojo.com\/independiente\/wp-json\/wp\/v2\/posts\/4401"}],"collection":[{"href":"https:\/\/www.locoxelrojo.com\/independiente\/wp-json\/wp\/v2\/posts"}],"about":[{"href":"https:\/\/www.locoxelrojo.com\/independiente\/wp-json\/wp\/v2\/types\/post"}],"author":[{"embeddable":true,"href":"https:\/\/www.locoxelrojo.com\/independiente\/wp-json\/wp\/v2\/users\/1"}],"replies":[{"embeddable":true,"href":"https:\/\/www.locoxelrojo.com\/independiente\/wp-json\/wp\/v2\/comments?post=4401"}],"version-history":[{"count":0,"href":"https:\/\/www.locoxelrojo.com\/independiente\/wp-json\/wp\/v2\/posts\/4401\/revisions"}],"wp:attachment":[{"href":"https:\/\/www.locoxelrojo.com\/independiente\/wp-json\/wp\/v2\/media?parent=4401"}],"wp:term":[{"taxonomy":"category","embeddable":true,"href":"https:\/\/www.locoxelrojo.com\/independiente\/wp-json\/wp\/v2\/categories?post=4401"},{"taxonomy":"post_tag","embeddable":true,"href":"https:\/\/www.locoxelrojo.com\/independiente\/wp-json\/wp\/v2\/tags?post=4401"}],"curies":[{"name":"wp","href":"https:\/\/api.w.org\/{rel}","templated":true}]}}