{"id":4406,"date":"2011-01-29T17:22:32","date_gmt":"2011-01-29T19:22:32","guid":{"rendered":"http:\/\/www.locoxelrojo.com.ar\/independiente\/?p=4406"},"modified":"2011-01-30T18:17:54","modified_gmt":"2011-01-30T20:17:54","slug":"%c2%bf11-listo","status":"publish","type":"post","link":"https:\/\/www.locoxelrojo.com\/independiente\/2011\/01\/29\/%c2%bf11-listo\/","title":{"rendered":"\u00bf11 listo?"},"content":{"rendered":"<p><a href=\"http:\/\/www.locoxelrojo.com.ar\/independiente\/wp-content\/uploads\/2011\/01\/fernando_godoy_independient.jpg\"><img loading=\"lazy\" class=\"alignnone size-full wp-image-4407\" title=\"fernando_godoy_independient\" src=\"http:\/\/www.locoxelrojo.com.ar\/independiente\/wp-content\/uploads\/2011\/01\/fernando_godoy_independient.jpg\" alt=\"\" width=\"550\" height=\"315\" srcset=\"https:\/\/locoxelrojo.com\/independiente\/wp-content\/uploads\/2011\/01\/fernando_godoy_independient.jpg 550w, https:\/\/locoxelrojo.com\/independiente\/wp-content\/uploads\/2011\/01\/fernando_godoy_independient-300x171.jpg 300w\" sizes=\"(max-width: 550px) 100vw, 550px\" \/><\/a><\/p>\n<p>Maximiliano Vel\u00e1zquez manifest\u00f3 que dif\u00edcilmente llegue al choque frente a Deportivo Quito en Ecuador, es por eso que Mohamed ya movi\u00f3 fichas e incluir\u00eda a Fernando Godoy quien sum\u00f3 minutos para los titulares en la pr\u00e1ctica matutina. Independiente ir\u00eda entonces con <strong> Hilario  Navarro; Eduardo Tuzzio, Carlos Matheu, Juli\u00e1n Vel\u00e1zquez; Nicol\u00e1s  Cabrera, Fernando Godoy, Roberto Batti\u00f3n, Lucas Mareque; Mat\u00edas  Defederico; Facundo Parra y Andr\u00e9s Silvera.<\/strong><\/p>\n<p>Si bien estos son los jugadores que hicieron f\u00fatbol, Mohamed hab\u00eda confirmado en conferencia de prensa luego del partido de ida que dif\u00edcilmente repitiese un equipo tan ofensivo como sucedi\u00f3 de local. Adem\u00e1s, agreg\u00f3 que en Ecuador, por cuestiones de altura, Independiente ser\u00eda m\u00e1s conservador. No se descarta, entonces, que el t\u00e9cnico incluya un defensor m\u00e1s. Sumados a los titulares, viajaron Ignacio Barcia e Iv\u00e1n V\u00e9lez, con experiencia en la alutra puesto a que jug\u00f3 un a\u00f1o en los 2200 metros colombianos.<\/p>\n","protected":false},"excerpt":{"rendered":"<p>Maximiliano Vel\u00e1zquez manifest\u00f3 que dif\u00edcilmente llegue al choque frente a Deportivo Quito en Ecuador, es por eso que Mohamed ya movi\u00f3 fichas e incluir\u00eda a Fernando Godoy quien sum\u00f3 minutos para los titulares en la pr\u00e1ctica matutina. Independiente ir\u00eda entonces con Hilario Navarro; Eduardo Tuzzio, Carlos Matheu, Juli\u00e1n Vel\u00e1zquez; Nicol\u00e1s Cabrera, Fernando Godoy, Roberto Batti\u00f3n, [&hellip;]<\/p>\n","protected":false},"author":1,"featured_media":0,"comment_status":"open","ping_status":"open","sticky":false,"template":"","format":"standard","meta":{"_links_to":"","_links_to_target":""},"categories":[494,3,1],"tags":[153,285,29,154],"_links":{"self":[{"href":"https:\/\/www.locoxelrojo.com\/independiente\/wp-json\/wp\/v2\/posts\/4406"}],"collection":[{"href":"https:\/\/www.locoxelrojo.com\/independiente\/wp-json\/wp\/v2\/posts"}],"about":[{"href":"https:\/\/www.locoxelrojo.com\/independiente\/wp-json\/wp\/v2\/types\/post"}],"author":[{"embeddable":true,"href":"https:\/\/www.locoxelrojo.com\/independiente\/wp-json\/wp\/v2\/users\/1"}],"replies":[{"embeddable":true,"href":"https:\/\/www.locoxelrojo.com\/independiente\/wp-json\/wp\/v2\/comments?post=4406"}],"version-history":[{"count":0,"href":"https:\/\/www.locoxelrojo.com\/independiente\/wp-json\/wp\/v2\/posts\/4406\/revisions"}],"wp:attachment":[{"href":"https:\/\/www.locoxelrojo.com\/independiente\/wp-json\/wp\/v2\/media?parent=4406"}],"wp:term":[{"taxonomy":"category","embeddable":true,"href":"https:\/\/www.locoxelrojo.com\/independiente\/wp-json\/wp\/v2\/categories?post=4406"},{"taxonomy":"post_tag","embeddable":true,"href":"https:\/\/www.locoxelrojo.com\/independiente\/wp-json\/wp\/v2\/tags?post=4406"}],"curies":[{"name":"wp","href":"https:\/\/api.w.org\/{rel}","templated":true}]}}